{"id":1344,"date":"2013-01-27T15:36:09","date_gmt":"2013-01-27T17:36:09","guid":{"rendered":"http:\/\/espacosocialista.org\/portal\/?p=1344"},"modified":"2018-06-01T16:02:36","modified_gmt":"2018-06-01T19:02:36","slug":"jornal-08-abrilmaio-de-2003","status":"publish","type":"post","link":"https:\/\/www.espacosocialista.org\/portal\/2013\/01\/jornal-08-abrilmaio-de-2003\/","title":{"rendered":"Jornal 08: Abril\/Maio de 2003"},"content":{"rendered":"<p>Leia as mat\u00e9rias online:<\/p>\n<ul>\n<li>Guerra contra o Iraque.<\/li>\n<li>Qual \u00e9 a rela\u00e7\u00e3o entre a guerra contra o Iraque e a crise econ\u00f4mica de superprodu\u00e7\u00e3o?<\/li>\n<li>O inconsciente dos jovens revolucion\u00e1rios.<\/li>\n<li>O governo neoliberal de lula e o dilema da esquerda do PT.<\/li>\n<li>Por um novo partido?<\/li>\n<li>Crise de dire\u00e7\u00e3o ou de identidade?<\/li>\n<\/ul>\n<p><a href=\"http:\/\/espacosocialista.org\/portal\/wp-content\/uploads\/2013\/01\/jornal8.pdf\">Clique aqui para baixar o PDF.<\/a><\/p>\n","protected":false},"excerpt":{"rendered":"<p>Leia as mat\u00e9rias online: Guerra contra o Iraque. Qual \u00e9 a rela\u00e7\u00e3o entre a guerra contra o Iraque e a<\/p>\n","protected":false},"author":3,"featured_media":0,"comment_status":"closed","ping_status":"closed","sticky":false,"template":"","format":"standard","meta":{"footnotes":""},"categories":[6],"tags":[99],"_links":{"self":[{"href":"https:\/\/www.espacosocialista.org\/portal\/wp-json\/wp\/v2\/posts\/1344"}],"collection":[{"href":"https:\/\/www.espacosocialista.org\/portal\/wp-json\/wp\/v2\/posts"}],"about":[{"href":"https:\/\/www.espacosocialista.org\/portal\/wp-json\/wp\/v2\/types\/post"}],"author":[{"embeddable":true,"href":"https:\/\/www.espacosocialista.org\/portal\/wp-json\/wp\/v2\/users\/3"}],"replies":[{"embeddable":true,"href":"https:\/\/www.espacosocialista.org\/portal\/wp-json\/wp\/v2\/comments?post=1344"}],"version-history":[{"count":8,"href":"https:\/\/www.espacosocialista.org\/portal\/wp-json\/wp\/v2\/posts\/1344\/revisions"}],"predecessor-version":[{"id":6485,"href":"https:\/\/www.espacosocialista.org\/portal\/wp-json\/wp\/v2\/posts\/1344\/revisions\/6485"}],"wp:attachment":[{"href":"https:\/\/www.espacosocialista.org\/portal\/wp-json\/wp\/v2\/media?parent=1344"}],"wp:term":[{"taxonomy":"category","embeddable":true,"href":"https:\/\/www.espacosocialista.org\/portal\/wp-json\/wp\/v2\/categories?post=1344"},{"taxonomy":"post_tag","embeddable":true,"href":"https:\/\/www.espacosocialista.org\/portal\/wp-json\/wp\/v2\/tags?post=1344"}],"curies":[{"name":"wp","href":"https:\/\/api.w.org\/{rel}","templated":true}]}}