{"id":1367,"date":"2013-01-27T15:53:49","date_gmt":"2013-01-27T17:53:49","guid":{"rendered":"http:\/\/espacosocialista.org\/portal\/?p=1367"},"modified":"2018-06-01T16:02:50","modified_gmt":"2018-06-01T19:02:50","slug":"jornal-15-setembro-de-2005","status":"publish","type":"post","link":"https:\/\/www.espacosocialista.org\/portal\/2013\/01\/jornal-15-setembro-de-2005\/","title":{"rendered":"Jornal 15: Setembro de 2005"},"content":{"rendered":"<p>Leia as mat\u00e9rias online:<\/p>\n<ul>\n<li>A Crise Pol\u00edtica \u00e9 Falta de \u00c9tica? Qual \u00e9 a \u00c9tica do Congresso Nacional?<\/li>\n<li>Para Enfrentar a Crise e o Capitalismo: Unidade da Esquerda Socialista.<\/li>\n<li>Repara\u00e7\u00f5es sem demagogia e sem hipocrisia!<\/li>\n<li>A aus\u00eancia de cor na luta de classes!<\/li>\n<\/ul>\n<p><a href=\"http:\/\/espacosocialista.org\/portal\/wp-content\/uploads\/2013\/01\/jornal15.pdf\">Clique aqui para baixar o PDF<\/a><\/p>\n","protected":false},"excerpt":{"rendered":"<p>Leia as mat\u00e9rias online: A Crise Pol\u00edtica \u00e9 Falta de \u00c9tica? Qual \u00e9 a \u00c9tica do Congresso Nacional? Para Enfrentar<\/p>\n","protected":false},"author":3,"featured_media":0,"comment_status":"closed","ping_status":"closed","sticky":false,"template":"","format":"standard","meta":{"footnotes":""},"categories":[6],"tags":[99],"_links":{"self":[{"href":"https:\/\/www.espacosocialista.org\/portal\/wp-json\/wp\/v2\/posts\/1367"}],"collection":[{"href":"https:\/\/www.espacosocialista.org\/portal\/wp-json\/wp\/v2\/posts"}],"about":[{"href":"https:\/\/www.espacosocialista.org\/portal\/wp-json\/wp\/v2\/types\/post"}],"author":[{"embeddable":true,"href":"https:\/\/www.espacosocialista.org\/portal\/wp-json\/wp\/v2\/users\/3"}],"replies":[{"embeddable":true,"href":"https:\/\/www.espacosocialista.org\/portal\/wp-json\/wp\/v2\/comments?post=1367"}],"version-history":[{"count":7,"href":"https:\/\/www.espacosocialista.org\/portal\/wp-json\/wp\/v2\/posts\/1367\/revisions"}],"predecessor-version":[{"id":6488,"href":"https:\/\/www.espacosocialista.org\/portal\/wp-json\/wp\/v2\/posts\/1367\/revisions\/6488"}],"wp:attachment":[{"href":"https:\/\/www.espacosocialista.org\/portal\/wp-json\/wp\/v2\/media?parent=1367"}],"wp:term":[{"taxonomy":"category","embeddable":true,"href":"https:\/\/www.espacosocialista.org\/portal\/wp-json\/wp\/v2\/categories?post=1367"},{"taxonomy":"post_tag","embeddable":true,"href":"https:\/\/www.espacosocialista.org\/portal\/wp-json\/wp\/v2\/tags?post=1367"}],"curies":[{"name":"wp","href":"https:\/\/api.w.org\/{rel}","templated":true}]}}