{"id":1930,"date":"2013-04-24T10:25:36","date_gmt":"2013-04-24T13:25:36","guid":{"rendered":"http:\/\/espacosocialista.org\/portal\/?p=1930"},"modified":"2013-08-27T14:58:15","modified_gmt":"2013-08-27T17:58:15","slug":"marco-um-mes-para-todas-as-mulheres-oprimidas","status":"publish","type":"post","link":"https:\/\/www.espacosocialista.org\/portal\/2013\/04\/marco-um-mes-para-todas-as-mulheres-oprimidas\/","title":{"rendered":"Mar\u00e7o: um m\u00eas para TODAS as mulheres oprimidas"},"content":{"rendered":"<h4><b>Este texto \u00e9 uma contribui\u00e7\u00e3o individual,\u00a0n\u00e3o necessariamente expressa a opini\u00e3o da organiza\u00e7\u00e3o e por este motivo se apresenta assinado por seu autor.<\/b><\/h4>\n<h3 style=\"text-align: right;\"><\/h3>\n<h3 style=\"text-align: right;\">Luciana Ribeiro Paneghini<\/h3>\n<p style=\"text-align: justify;\">Estive no ato do Dia Internacional de Luta da Mulher, no 08 de Mar\u00e7o, \u00faltima sexta-feira. Muitas pessoas colocaram a chuva que caiu sobre n\u00f3s como o fator mais importante para a nossa dispers\u00e3o. Entretanto, alguns fatos aqui merecem coment\u00e1rios: participei do ato, ap\u00f3s pedir dispensa \u00e0 minha chefe, que muito gentilmente permitiu minha sa\u00edda do trabalho. Ela, como eu, \u00e9 assistente social e compreende o quanto a luta pelos direitos das mulheres trabalhadoras e pobres \u00e9 importante pra mim. Com isto, fico pensando: Qual \u00e9 a mulher que realmente tem condi\u00e7\u00f5es de participar de um ato pelo seu direito a uma vida sem viol\u00eancia (eixo das interven\u00e7\u00f5es do ato unificado), \u00e0s 13h, hor\u00e1rio de concentra\u00e7\u00e3o na Pra\u00e7a da S\u00e9?<\/p>\n<p style=\"text-align: justify;\">Deu pra perceber, com isso, que o hor\u00e1rio para concentra\u00e7\u00e3o, sa\u00edda e chegada no destino final (Pra\u00e7a Ramos, \u00e0s 16:30) excluiu a participa\u00e7\u00e3o das mulheres trabalhadoras, aquelas que mais precisam ouvir nossas interven\u00e7\u00f5es e se unir \u00e0 luta.<\/p>\n<p style=\"text-align: justify;\">Mas \u00e9 de mulheres trabalhadoras que estamos falando, n\u00e3o \u00e9 mesmo? N\u00e3o podemos defender essas mulheres, se tirarmos do governo e da burguesia a culpa por seus sal\u00e1rios menores, sua dupla jornada de trabalho, sua situa\u00e7\u00e3o de pobreza, sua falta de direitos sobre seu pr\u00f3prio corpo. Com isto, optei por participar da manifesta\u00e7\u00e3o junto a um coletivo feminista e socialista, dentro da mir\u00edade de coletivos que estavam presentes.<a href=\"http:\/\/espacosocialista.org\/portal\/?attachment_id=1931\" rel=\"attachment wp-att-1931\"><img decoding=\"async\" loading=\"lazy\" class=\" wp-image-1931 alignleft\" alt=\"cracolandia-lettera-aperta-di-padre-renato-al-L-JXoSYA\" src=\"http:\/\/espacosocialista.org\/portal\/wp-content\/uploads\/2013\/04\/cracolandia-lettera-aperta-di-padre-renato-al-L-JXoSYA-e1366809882111.jpeg\" width=\"180\" height=\"240\" \/><\/a><\/p>\n<p style=\"text-align: justify;\">A interven\u00e7\u00e3o deste coletivo foi um pouco t\u00edmida&#8230; Ainda assim, a todo o momento, grit\u00e1vamos palavras de ordem contra o governo Dilma e o capital, que est\u00e3o oprimindo as mulheres: o primeiro, a oprime com a falta de recursos a serem destinados \u00e0s pol\u00edticas p\u00fablicas e, o segundo, a oprime secularmente, sempre tirando lucros encima do machismo, que permeia todas as rela\u00e7\u00f5es entre homens e mulheres, conseguindo colocar, inclusive, mulheres trabalhadoras contra homens trabalhadores.<\/p>\n<p style=\"text-align: justify;\">Acho crucial que as mulheres trabalhadoras lutem contra o machismo, como forma de unir a classe trabalhadora, homens e mulheres oprimidos pelo machismo, racismo e homofobia, contra a classe dominante, homens e mulheres que oprimem e exploram trabalhadores de ambos os sexos. Por\u00e9m, o feminismo classista (da e para as trabalhadoras) tem muito que avan\u00e7ar: porque no 08 de Mar\u00e7o falamos das mulheres de uma forma t\u00e3o abstrata???<br \/>\nPra ser contra o capitalismo, precisamos estar ao lado de todas as mulheres terceirizadas; de todas as trabalhadoras bolivianas, que s\u00e3o escravizadas nas oficinas de costura das grandes butiques; de todas as mulheres em situa\u00e7\u00e3o de rua, que s\u00e3o violentadas e desrespeitadas nas ruas e nos albergues, inclusive pelos pr\u00f3prios profissionais da assist\u00eancia ou pela GCM; de todas as mulheres encarceiradas, que s\u00e3o torturadas todos os dias; das meninas que cumprem medida socioeducativa em regime fechado na Funda\u00e7\u00e3o Casa, que n\u00e3o s\u00e3o visitadas por suas fam\u00edlias, por conta da l\u00f3gica machista que coloca que as mulheres n\u00e3o podem ser criminosas, mas que os homens podem; daquelas mulheres que vivem na cracol\u00e2ndia e que est\u00e3o sujeitas \u00e0 prostitui\u00e7\u00e3o ante o traficante e \u00e0 a\u00e7\u00e3o desumana da pol\u00edcia facista; de todas as mulheres que lutam por uma vaga de interna\u00e7\u00e3o ao filho ou outro ente querido, no CRATOD, neste exato momento, porque a rede substitutiva em sa\u00fade mental n\u00e3o tem sido efetiva; de todas as mulheres loucas, internadas em verdadeiros manic\u00f4mios, de maneira desumana.<\/p>\n<p style=\"text-align: justify;\">Por isso, defendo que os pr\u00f3ximos 08 de Mar\u00e7o, sejam muito mais do que apenas feministas e que n\u00e3o fiquem simplesmente nas cobran\u00e7as ao governo A ou Z: sabemos que o Estado burgu\u00eas n\u00e3o tem nada a nos oferecer&#8230; a nossa perspectiva tem de ser outra: lutar por todas as mulheres, na perspectiva socialista e revolucion\u00e1ria.<br \/>\nO feminismo brasileiro classista tem mais de 20 anos&#8230; n\u00e3o tem problema: outros mar\u00e7os, outras marchas das vadias, outras lutas vir\u00e3o! E outras oportunidades de fazer a coisa certa (defesa das mulheres oprimidas pelo capital de diferentes formas), tamb\u00e9m!<\/p>\n<p><strong>Luciana Ribeiro Paneghini \u2013 assistente social, mestranda da PUC, militante feminista.<\/strong><\/p>\n","protected":false},"excerpt":{"rendered":"<p>Este texto \u00e9 uma contribui\u00e7\u00e3o individual,\u00a0n\u00e3o necessariamente expressa a opini\u00e3o da organiza\u00e7\u00e3o e por este motivo se apresenta assinado por<\/p>\n","protected":false},"author":3,"featured_media":1931,"comment_status":"closed","ping_status":"closed","sticky":false,"template":"","format":"standard","meta":{"footnotes":""},"categories":[11],"tags":[],"_links":{"self":[{"href":"https:\/\/www.espacosocialista.org\/portal\/wp-json\/wp\/v2\/posts\/1930"}],"collection":[{"href":"https:\/\/www.espacosocialista.org\/portal\/wp-json\/wp\/v2\/posts"}],"about":[{"href":"https:\/\/www.espacosocialista.org\/portal\/wp-json\/wp\/v2\/types\/post"}],"author":[{"embeddable":true,"href":"https:\/\/www.espacosocialista.org\/portal\/wp-json\/wp\/v2\/users\/3"}],"replies":[{"embeddable":true,"href":"https:\/\/www.espacosocialista.org\/portal\/wp-json\/wp\/v2\/comments?post=1930"}],"version-history":[{"count":4,"href":"https:\/\/www.espacosocialista.org\/portal\/wp-json\/wp\/v2\/posts\/1930\/revisions"}],"predecessor-version":[{"id":2282,"href":"https:\/\/www.espacosocialista.org\/portal\/wp-json\/wp\/v2\/posts\/1930\/revisions\/2282"}],"wp:featuredmedia":[{"embeddable":true,"href":"https:\/\/www.espacosocialista.org\/portal\/wp-json\/wp\/v2\/media\/1931"}],"wp:attachment":[{"href":"https:\/\/www.espacosocialista.org\/portal\/wp-json\/wp\/v2\/media?parent=1930"}],"wp:term":[{"taxonomy":"category","embeddable":true,"href":"https:\/\/www.espacosocialista.org\/portal\/wp-json\/wp\/v2\/categories?post=1930"},{"taxonomy":"post_tag","embeddable":true,"href":"https:\/\/www.espacosocialista.org\/portal\/wp-json\/wp\/v2\/tags?post=1930"}],"curies":[{"name":"wp","href":"https:\/\/api.w.org\/{rel}","templated":true}]}}