{"id":1936,"date":"2013-04-25T01:01:22","date_gmt":"2013-04-25T04:01:22","guid":{"rendered":"http:\/\/espacosocialista.org\/portal\/?p=1936"},"modified":"2013-06-26T15:13:00","modified_gmt":"2013-06-26T18:13:00","slug":"1936","status":"publish","type":"post","link":"https:\/\/www.espacosocialista.org\/portal\/2013\/04\/1936\/","title":{"rendered":"ENFRENTAR E DERROTAR DILMA E O PROJETO GLOBAL DO CAPITAL PARA O PA\u00cdS!"},"content":{"rendered":"<h2><\/h2>\n<h2 style=\"text-align: center;\"><span style=\"color: #ff0000;\">ENFRENTAR E DERROTAR DILMA E O PROJETO GLOBAL DO CAPITAL PARA O PA\u00cdS!<\/span><\/h2>\n<p style=\"text-align: justify;\">Nos \u00faltimos anos, e de forma mais intensa a partir de 2008 com a crise mundial, as v\u00e1rias medidas do Estado brasileiro visam garantir e aumentar a lucratividade do capital. No Brasil n\u00e3o foi diferente: redu\u00e7\u00e3o do IPI de v\u00e1rios setores; obras de infraestrutura sob a l\u00f3gica privada (rodovias, portos, aeroportos, est\u00e1dios e usinas); empr\u00e9stimos do BNDES para as empresas, subsidiados pelo Tesouro; desonera\u00e7\u00e3o da folha de pagamento etc.<\/p>\n<p style=\"text-align: justify;\">O pagamento dos juros das D\u00edvidas Interna e Externa consome anualmente cerca de 1 trilh\u00e3o de reais! Isso \u00e9 quase metade de todo or\u00e7amento! O sucateamento dos servi\u00e7os p\u00fablicos (sa\u00fade, educa\u00e7\u00e3o, transporte, cultura) e da carreira de seus funcion\u00e1rios \u00e9 consequ\u00eancia direta de todo esse direcionamento do dinheiro p\u00fablico para o capital financeiro. Da mesma forma, o patrim\u00f4nio e os servi\u00e7os p\u00fablicos s\u00e3o entregues a empres\u00e1rios aliados do governo e a multinacionais, atrav\u00e9s de uma onda recorde de privatiza\u00e7\u00e3o, que inclui rodovias, ferrovias, portos, aeroportos, amplia\u00e7\u00e3o das concess\u00f5es das el\u00e9tricas, nova rodada de entrega do petr\u00f3leo e privatiza\u00e7\u00e3o at\u00e9 mesmo da previd\u00eancia p\u00fablica.<\/p>\n<p style=\"text-align: justify;\">Agora o projeto do ACE (Acordo Coletivo Especial), visa atacar direitos b\u00e1sicos, com a divis\u00e3o das f\u00e9rias, parcelamento do 13\u00ba sal\u00e1rio, amplia\u00e7\u00e3o do banco de horas, da contrata\u00e7\u00e3o tempor\u00e1ria, da terceiriza\u00e7\u00e3o. Al\u00e9m disso, um novo projeto de Reforma da Previd\u00eancia pretende que trabalhemos at\u00e9 morrer, sem receber pelos anos de contribui\u00e7\u00e3o ao INSS.<\/p>\n<p style=\"text-align: justify;\">Mas a precariza\u00e7\u00e3o e superexplora\u00e7\u00e3o vai muito al\u00e9m. Temos sentido o aumento dos ritmos de trabalho, com a eleva\u00e7\u00e3o dos acidentes; as reestrutra\u00e7\u00f5es (a GM de S\u00e3o Jos\u00e9-SP e a Azal\u00e9ia na Bahia s\u00e3o apenas dois exemplos), com demiss\u00f5es, rotatividade da m\u00e3o de obra e a redu\u00e7\u00e3o do piso de v\u00e1rias categorias.<\/p>\n<p style=\"text-align: justify;\">Outra arma usada pelos empres\u00e1rios e governo \u00e9 a infla\u00e7\u00e3o, principalmente dos produtos consumidos pelos trabalhadores. Nos \u00faltimos 12 meses, o teto de 6,5% j\u00e1 foi estourado e os pre\u00e7os do transporte, alimentos e gastos com sa\u00fade beiram o insuport\u00e1vel. \u00c9 uma forma de diminuir o poder real dos sal\u00e1rios, aumentando indiretamente os lucros do capital, o chamado &#8220;imposto inflacion\u00e1rio&#8221;.<\/p>\n<p style=\"text-align: justify;\">Todas essas medidas s\u00e3o parte de um projeto maior de ataques aos direitos trabalhistas e sociais em geral, de modo a aumentar a lucratividade do capital, que vive uma crise estrutural desde o in\u00edcio dos aos 70. O agravamento a partir de 2008 faz com que a burguesia e o Estado se tornem muito mais exploradores e autorit\u00e1rios. O aumento da repress\u00e3o e da criminaliza\u00e7\u00e3o dos lutadores e da pobreza nas periferias expressa essa tend\u00eancia que deve ser combatida.<\/p>\n<p style=\"text-align: justify;\">Nessa cruzada permanente contra os trabalhadores, a burguesia conta com a colabora\u00e7\u00e3o direta da burocracia sindical ligada \u00e0 CUT, For\u00e7a, CTB, UGT que assumiram de vez a co-gest\u00e3o do capital. N\u00e3o relutam em entregar os direitos trabalhistas para defender seus amigos patr\u00f5es, para defender sua posi\u00e7\u00e3o de burocracia privilegiada.<\/p>\n<h2 style=\"text-align: center;\"><span style=\"color: #ff0000;\">\u00c9 PRECISO UMA CAMPANHA DE DEN\u00daNCIA DO CAPITALISMO, DA BURGUESIA E DOS GOVERNOS!<\/span><\/h2>\n<p style=\"text-align: justify;\">At\u00e9 agora, a campanha contra o ACE e pela anula\u00e7\u00e3o da Reforma da Previd\u00eancia de 2003 tem sido fragment\u00e1ria \u2013 sem mostrar para os trabalhadores que esses e outros ataques concretos fazem parte de um projeto maior aplicado em conjunto pela burguesia. O governo e os partidos (tanto o boco PT\/PMDB\/PSB como o bloco PSDB\/DEM\/PPS), incluindo tamb\u00e9m as burocracias sindicais e estudantis (CUT, For\u00e7a Sindical, CTB, UNE, UBES) s\u00e3o parte deste ataque, seja por ter elaborado o projeto do ACE, seja por n\u00e3o lhe opor resist\u00eancia.<\/p>\n<p style=\"text-align: justify;\">Neste sentido, n\u00e3o d\u00e1 pra se apoiar na popularidade de Dilma para ficar preso a exig\u00eancias e mais exig\u00eancias, quando se sabe que o governo Dilma \u00e9 o inimigo principal e o verdadeiro respons\u00e1vel por todos estes ataques, ao inv\u00e9s de ajudar os trabalhadores a desenvolver sua consci\u00eancia! \u00c9 preciso que a campanha contra a retirada de direitos; as demiss\u00f5es; o rebaixamento salarial e o aumento do custo de vida; e as privatiza\u00e7\u00f5es; tudo seja denunciado como responsabilidade de Dilma e dos empres\u00e1rios que s\u00e3o os verdadeiros chefes do governo.<\/p>\n<p style=\"text-align: justify;\">Al\u00e9m disso, o potencial de mobiliza\u00e7\u00e3o tanto da CSP-Conlutas (dirigida pelo PSTU) como da Intersindical (dirigida pelo PSOL) permitiria uma campanha muito mais ampla do que tem havido, utilizando outdoors, carros de som, internet, panfletos para dezenas de milh\u00f5es de trabalhadores nos locais de trabalho e de moradia, terminais de transporte, etc. Essas duas entidades sindicais possuem sindicatos importantes com arrecada\u00e7\u00e3o e condi\u00e7\u00f5es de investir em uma campanha deste tipo.<\/p>\n<p style=\"text-align: justify;\">Infelizmente as dire\u00e7\u00f5es destas entidades se omitem em rela\u00e7\u00e3o a este necess\u00e1rio enfrentamento, se resumindo a atos cujas bandeiras n\u00e3o v\u00e3o al\u00e9m da luta econ\u00f4mica e fragmentada, geralmente sem apostar na a\u00e7\u00e3o direta, necess\u00e1ria, urgente para este momento: a prepara\u00e7\u00e3o de um dia de luta e paralisa\u00e7\u00e3o nacional, como forma de desafiar a produ\u00e7\u00e3o e a propriedade capitalistas, colocando em discuss\u00e3o o controle oper\u00e1rio, a estatiza\u00e7\u00e3o das empresas que demitem, e uma alternativa dos trabalhadores.<\/p>\n<p style=\"text-align: justify;\">Tamb\u00e9m \u00e9 preciso dizer bem alto que n\u00e3o haver\u00e1 sa\u00edda para os problemas estruturais dos trabalhadores e da sociedade se n\u00e3o romper com a l\u00f3gica de lucro e explora\u00e7\u00e3o do capital. Se as entidades de luta n\u00e3o ajudarem a desenvolver a consci\u00eancia de classe e socialista entre os trabalhadores, quem o far\u00e1?<\/p>\n<h2 style=\"text-align: center;\"><span style=\"color: #ff0000;\">PARA AL\u00c9M DA MARCHA, POR UMA JORNADA DE LUTAS COM UM DIA DE PARALISA\u00c7\u00d5ES!<\/span><\/h2>\n<p style=\"text-align: justify;\">Essa atual marcha, convocada pela CSP-Conlutas, Intersindical e outras entidades, \u00e9 um momento importante dessa luta, mas \u00e9 preciso ir al\u00e9m! Por isso, propomos que seja marcada uma jornada nacional de lutas com pelo menos um dia de paralisa\u00e7\u00f5es, bloqueios e outras mobiliza\u00e7\u00f5es contra o ACE, pela Anula\u00e7\u00e3o da Reforma da Previd\u00eancia de 2003, redu\u00e7\u00e3o da jornada de trabalho para 36h semanais e demais itens da pauta de luta dos trabalhadores.<\/p>\n<h2 style=\"text-align: center;\"><span style=\"color: #ff0000;\">AFIRMAR UM CAMPO INDEPENDENTE DOS TRABALHADORES! UNIDADE COM A BUROCRACIA, S\u00d3 NAS LUTAS, N\u00c3O EM CHAPAS OU F\u00d3RUNS PERMANENTES!<\/span><\/h2>\n<p style=\"text-align: justify;\">\u00c9 preciso ter cuidado com a For\u00e7a Sindical, CTB e CUT, que, em fun\u00e7\u00e3o da press\u00e3o de suas bases, querem passar a impress\u00e3o de que s\u00e3o contra o ACE, procurando se ligar a setores n\u00e3o governistas, apenas em a\u00e7\u00f5es superestruturais como semin\u00e1rios contra o ACE, f\u00f3runs, etc. Al\u00e9m de n\u00e3o mobilizar os trabalhadores seguem compondo o governo Dilma, como se n\u00e3o fosse este o mentor do ACE (o sindicato dos metal\u00fargicos \u00e9 apenas seu testa de ferro).<\/p>\n<p style=\"text-align: justify;\">O PDT (que dirige a For\u00e7a Sindical) est\u00e1 no Minist\u00e9rio do Trabalho. O PCdoB \u00e9 c\u00e3o de guarda do governo Dilma em todos seus projetos. E, na CUT, a &#8220;CUT pode mais&#8221; \u00e9 parte da estrutura que mais ataca os trabalhadores no Brasil, sendo c\u00famplice do ACE por conta disso. N\u00e3o podemos contribuir para essa confus\u00e3o e ilus\u00e3o dos trabalhadores. Temos que ajudar os trabalhadores a separar o joio do trigo.<\/p>\n<p style=\"text-align: justify;\">Defendemos que a unidade com setores governistas seja apenas nas lutas de fato (paralisa\u00e7\u00f5es, greves, passeatas; ou seja, na unidade de a\u00e7\u00e3o), e n\u00e3o em eventos superestruturais como semin\u00e1rios ou f\u00f3runs permanentes, o que caracteriza a forma\u00e7\u00e3o de Frentes \u00danicas com setores do governo, uma pol\u00edtica de concilia\u00e7\u00e3o de classes inadmiss\u00edvel.<\/p>\n<p style=\"text-align: justify;\">Os semin\u00e1rios e debates sobre o ACE devem ser organizados com as for\u00e7as do campo antigovernista, chamando amplamente os trabalhadores e a juventude, para fortalecermos a unidade estrat\u00e9gica e constru\u00e7\u00e3o de um polo alternativo dos trabalhadores contra os patr\u00f5es, os governos e as dire\u00e7\u00f5es governistas. Tamb\u00e9m \u00e9 preciso enfatizar que a luta contra o ACE deve ser parte de uma luta maior, contra o governo Dilma, maior inimigo dos<\/p>\n<p style=\"text-align: justify;\">trabalhadores no sentido de que os trabalhadores assumam o controle da riqueza social, com um programa de ruptura com a l\u00f3gica do lucro, e em dire\u00e7\u00e3o a uma nova sociedade, sem explora\u00e7\u00e3o e sob o controle democr\u00e1tico dos produtores, o socialismo.<\/p>\n<ul>\n<li>Defesa e amplia\u00e7\u00e3o dos direitos trabalhistas. N\u00e3o \u00e0 Flexibiliza\u00e7\u00e3o das leis trabalhistas. Fim da terceiriza\u00e7\u00e3o e do contrato tempor\u00e1rio. Carteira assinada para todos!<\/li>\n<li>Reajuste geral dos Sal\u00e1rios e Sal\u00e1rio M\u00ednimo do DIEESE!<\/li>\n<li>Defesa, melhoria e amplia\u00e7\u00e3o geral dos servi\u00e7os p\u00fablicos. Verbas P\u00fablicas para os servi\u00e7os p\u00fablicos, n\u00e3o para as empresas. 10% do PIB para a Educa\u00e7\u00e3o P\u00fablica j\u00e1 e sob controle dos trabalhadores!<\/li>\n<li>N\u00e3o Pagamento das D\u00edvidas Interna e Externa. Aplica\u00e7\u00e3o desse dinheiro em um Plano de Servi\u00e7os P\u00fablicos sob controle e a servi\u00e7o dos trabalhadores!<\/li>\n<li>Nenhuma demiss\u00e3o! Redu\u00e7\u00e3o da Jornada de Trabalho para 36h semanais sem Redu\u00e7\u00e3o dos Sal\u00e1rios! Estatiza\u00e7\u00e3o sob controle dos trabalhadores e sem indeniza\u00e7\u00e3o das empresas que amea\u00e7arem fechar ou se mudar!<\/li>\n<li>Cancelamento da nova rodada de entrega do petr\u00f3leo. Interrup\u00e7\u00e3o de todas as concess\u00f5es\/privatiza\u00e7\u00f5es e retomada das rodovias, ferrovias, portos e aeroportos, com controle dos trabalhadores.<\/li>\n<li>Reforma Agr\u00e1ria com o fim do latif\u00fandio e expropria\u00e7\u00e3o do agroneg\u00f3cio sob controle das trabalhadores!<\/li>\n<li>Por um governo dos trabalhadores apoiado em suas organiza\u00e7\u00f5es de luta!<\/li>\n<\/ul>\n<h2 style=\"text-align: center;\"><span style=\"color: #ff0000;\">QUEM SOMOS?<\/span><\/h2>\n<p style=\"text-align: justify;\"><strong>O Bloco Classista, Anticapitalista e de Base<\/strong> \u00e9 composto pelas organiza\u00e7\u00f5es Movimento Revolucion\u00e1rio, Espa\u00e7o Socialista, PRS, ARS, Cerlus e independentes.<\/p>\n<p style=\"text-align: justify;\"><strong>Somos classistas<\/strong> por entender que \u00e9 necess\u00e1rio um sindicalismo sem rabo preso com patr\u00f5es e ou governos. Recha\u00e7amos chapas onde lutadores se unem a governistas (CUT, CTB\u2026) com o fim de chegar ao aparato sindical.<\/p>\n<p style=\"text-align: justify;\"><strong>Somos anticapitalistas<\/strong> por entender que \u00e9 necess\u00e1rio um sindicalismo combativo que busque avan\u00e7ar a consci\u00eancia dos trabalhadores para al\u00e9m do capitalismo, demonstrando que a \u00fanica sa\u00edda para resolver o problema de nossa classe \u00e9 uma verdadeira revolu\u00e7\u00e3o.<\/p>\n<p style=\"text-align: justify;\"><strong>Somos de base<\/strong> por defendemos um sindicato feito com o conjunto da base das categorias, para elas mesmas e n\u00e3o por carreiristas dos aparatos sindicais, com liberados sindicais h\u00e1 20 anos, inclusive dentro dos sindicatos da nossa central. \u00c9 necess\u00e1rios garantir que os sindicatos reflitam verdadeiramente a classe e sua vanguarda e n\u00e3o apenas a corrente pol\u00edtica ou partido que est\u00e1 dirigindo a entidade.<\/p>\n<p style=\"text-align: justify;\">Atualmente, diversos desvios descritos acima s\u00e3o encontrados dentro das fileiras da CSP-Conlutas, o que torna imprescind\u00edvel a tarefa de apresentar a todos os lutadores que ainda acreditam em uma central baseada no que levou a Conlutas a ser criada, uma CSP-Conlutas, que pode ser classista, anticapitalista e de base. Fa\u00e7a parte de nosso Bloco!<\/p>\n<h2 style=\"text-align: center;\"><span style=\"color: #000000;\">Bloco Classista, Anticapitalista e de Base<\/span><\/h2>\n<h3 style=\"text-align: center;\"><span style=\"color: #ff0000;\">www.movimentorevolucionario.org \u00a0 \u00a0 \u00a0 \u00a0 \u00a0\u00a0<\/span><span style=\"color: #ff0000;\">www.espacosocialista.org<\/span><\/h3>\n<h3 style=\"text-align: center;\">movimentorevolucionario@yahoo.com.br\u00a0\u00a0\u00a0\u00a0\u00a0\u00a0\u00a0\u00a0\u00a0 espacosocialista@hotmail.com<\/h3>\n","protected":false},"excerpt":{"rendered":"<p>ENFRENTAR E DERROTAR DILMA E O PROJETO GLOBAL DO CAPITAL PARA O PA\u00cdS! Nos \u00faltimos anos, e de forma mais<\/p>\n","protected":false},"author":3,"featured_media":0,"comment_status":"closed","ping_status":"closed","sticky":false,"template":"","format":"standard","meta":{"footnotes":""},"categories":[20,23,24],"tags":[],"_links":{"self":[{"href":"https:\/\/www.espacosocialista.org\/portal\/wp-json\/wp\/v2\/posts\/1936"}],"collection":[{"href":"https:\/\/www.espacosocialista.org\/portal\/wp-json\/wp\/v2\/posts"}],"about":[{"href":"https:\/\/www.espacosocialista.org\/portal\/wp-json\/wp\/v2\/types\/post"}],"author":[{"embeddable":true,"href":"https:\/\/www.espacosocialista.org\/portal\/wp-json\/wp\/v2\/users\/3"}],"replies":[{"embeddable":true,"href":"https:\/\/www.espacosocialista.org\/portal\/wp-json\/wp\/v2\/comments?post=1936"}],"version-history":[{"count":12,"href":"https:\/\/www.espacosocialista.org\/portal\/wp-json\/wp\/v2\/posts\/1936\/revisions"}],"predecessor-version":[{"id":2071,"href":"https:\/\/www.espacosocialista.org\/portal\/wp-json\/wp\/v2\/posts\/1936\/revisions\/2071"}],"wp:attachment":[{"href":"https:\/\/www.espacosocialista.org\/portal\/wp-json\/wp\/v2\/media?parent=1936"}],"wp:term":[{"taxonomy":"category","embeddable":true,"href":"https:\/\/www.espacosocialista.org\/portal\/wp-json\/wp\/v2\/categories?post=1936"},{"taxonomy":"post_tag","embeddable":true,"href":"https:\/\/www.espacosocialista.org\/portal\/wp-json\/wp\/v2\/tags?post=1936"}],"curies":[{"name":"wp","href":"https:\/\/api.w.org\/{rel}","templated":true}]}}