{"id":2414,"date":"2013-09-24T19:39:51","date_gmt":"2013-09-24T22:39:51","guid":{"rendered":"http:\/\/espacosocialista.org\/portal\/?p=2414"},"modified":"2014-02-06T20:31:03","modified_gmt":"2014-02-06T22:31:03","slug":"as-campanhas-salariais-e-a-luta-dos-trabalhadores-por-um-projeto-socialista-para-o-brasil","status":"publish","type":"post","link":"https:\/\/www.espacosocialista.org\/portal\/2013\/09\/as-campanhas-salariais-e-a-luta-dos-trabalhadores-por-um-projeto-socialista-para-o-brasil\/","title":{"rendered":"As campanhas salariais e a luta dos trabalhadores por um projeto socialista para o Brasil"},"content":{"rendered":"<p style=\"text-align: justify;\"><a href=\"http:\/\/espacosocialista.org\/portal\/?attachment_id=2415\" rel=\"attachment wp-att-2415\"><img decoding=\"async\" loading=\"lazy\" class=\"wp-image-2415 alignleft\" alt=\"1234694_184908928359085_1196636901_n\" src=\"http:\/\/espacosocialista.org\/portal\/wp-content\/uploads\/2013\/09\/1234694_184908928359085_1196636901_n.jpg\" width=\"346\" height=\"259\" srcset=\"https:\/\/www.espacosocialista.org\/portal\/wp-content\/uploads\/2013\/09\/1234694_184908928359085_1196636901_n.jpg 960w, https:\/\/www.espacosocialista.org\/portal\/wp-content\/uploads\/2013\/09\/1234694_184908928359085_1196636901_n-300x225.jpg 300w, https:\/\/www.espacosocialista.org\/portal\/wp-content\/uploads\/2013\/09\/1234694_184908928359085_1196636901_n-80x60.jpg 80w\" sizes=\"(max-width: 346px) 100vw, 346px\" \/><\/a>O Brasil mudou depois das manifesta\u00e7\u00f5es do m\u00eas de junho. Houve uma explos\u00e3o de protestos iniciada pela juventude, que\u00a0come\u00e7ou lutando contra o aumento das passagens, e terminou com milh\u00f5es de pessoas nas ruas em centenas de cidades do pa\u00eds,\u00a0protestando contra a precariedade dos servi\u00e7os p\u00fablicos em geral, a falta de educa\u00e7\u00e3o, de sa\u00fade, de moradia, etc., e tamb\u00e9m\u00a0contra os gastos com a Copa do Mundo, a corrup\u00e7\u00e3o, etc.<\/p>\n<p>Depois desse processo, reconquistamos o direito b\u00e1sico de lutar, de se manifestar, de se expressar, de estar nas ruas e apresentar nossas demandas. Precisamos continuar mobilizados, organizados, agindo coletivamente! N\u00e3o podemos permitir que a repress\u00e3o volte a atacar, n\u00e3o podemos permitir que as m\u00e1scaras sejam proibidas, que os manifestantes sejam ca\u00e7ados e presos pela<br \/>\npol\u00edcia em suas casas, que a repress\u00e3o a servi\u00e7o do Estado desapare\u00e7a com trabalhadores como fez com o pedreiro Amarildo no Rio.<\/p>\n<p>Reconquistamos o direito de estar nas ruas e nos manifestar, mas isso foi s\u00f3 o come\u00e7o. A pr\u00f3xima etapa s\u00e3o as campanhas \u00a0salariais de importantes categorias nacionais, como banc\u00e1rios, correios, metal\u00fargicos, petroleiros, que t\u00eam data base segundo semestre. Essas categorias poderiam realizar uma verdadeira greve geral no pais, colocando em cheque setores fundamentais da produ\u00e7\u00e3o e circula\u00e7\u00e3o de mercadorias. Uma greve unificada, com calend\u00e1rios comuns, atividades comuns, assembleias, piquetes, passeatas, comando de negocia\u00e7\u00e3o unificados, etc., teria muito mais for\u00e7a para fazer avan\u00e7ar as reivindica\u00e7\u00f5es de cada categoria.<\/p>\n<p style=\"text-align: justify;\">Essas categorias enfrentam uma realidade muito semelhante no seu dia a dia, o excesso de servi\u00e7o, a cobran\u00e7a das chefias, o ass\u00e9dio moral, o adoecimento f\u00edsico e psicol\u00f3gico. E em pelo menos tr\u00eas dessas categoria h\u00e1 mais um elemento unificador, o fato de que o patr\u00e3o \u00e9 o mesmo, o governo federal, j\u00e1 que Banco do Brasil, Caixa Econ\u00f4mica Federal, Correios e Petrobr\u00e1s, s\u00e3o empresas de controle estatal (embora algumas j\u00e1 tenham a\u00e7\u00f5es vendidas no mercado). Embora a propriedade seja juridicamente estatal, hoje essas empresas j\u00e1 atuam de modo igual \u00e0s empresas privadas, priorizando o lucro imediato a qualquer custo, sacrificando os seus trabalhadores e de modo alheio aos interesses do conjunto da popula\u00e7\u00e3o. Ou seja, mesmo que a\u00a0propriedade das estatais federais nominalmente seja p\u00fablica, os interesses que as dirigem s\u00e3o id\u00eanticos aos das empresas privadas, e por isso a realidade dos seus trabalhadores \u00e9 praticamente a mesma dos banc\u00e1rios de bancos privados e dos metal\u00fargicos.<\/p>\n<p style=\"text-align: justify;\">\n<h3 style=\"text-align: justify;\">As categorias organizadas e o projeto do PT<\/h3>\n<p style=\"text-align: justify;\">\n<p style=\"text-align: justify;\">A partir dessa realidade comum, as categorias de banc\u00e1rios, correios e petroleiros teriam como pauta comum a luta contra o projeto do governo federal do PT. O tratamento dado \u00e0s estatais federais pelo PT n\u00e3o \u00e9 simples acidente ou coincid\u00eancia, \u00e9 parte de um projeto global para o pa\u00eds. As empresas estatais precisam dar lucro a todo custo, explorando seus funcion\u00e1rios e a popula\u00e7\u00e3o, e beneficiando os grandes capitalistas e os pequenos c\u00edrculos de burocratas que controlam o Estado. A prioridade do governo do PT \u00e9 extrair a riqueza do pa\u00eds, atrav\u00e9s da explora\u00e7\u00e3o dos trabalhadores, para coloc\u00e1-la a servi\u00e7o dos capitalistas (e nisso o PT \u00e9 igual aos demais partidos burugeses, como PSDB, PMDB, DEM, etc., n\u00e3o \u00e9 s\u00f3 a corrup\u00e7\u00e3o que os iguala a todos).<\/p>\n<p style=\"text-align: justify;\">A maior prova disso \u00e9 a distribui\u00e7\u00e3o do or\u00e7amento p\u00fablico, em que 42% da arrecada\u00e7\u00e3o, ou absurdos R$ 898 bilh\u00f5es este ano, s\u00e3o direcionados para o pagamento da d\u00edvida p\u00fablica interna e externa (uma d\u00edvida fraudulenta e que j\u00e1 foi paga v\u00e1rias vezes), enquanto que para sa\u00fade, educa\u00e7\u00e3o, trabalho e cultura somados s\u00e3o destinados apenas 10,4% (n\u00fameros da Auditoria Cidad\u00e3<br \/>\nda D\u00edvida).<\/p>\n<p style=\"text-align: justify;\">A luta dos trabalhadores das estatais federais \u00e9 portanto parte de uma luta pelo controle do or\u00e7amento p\u00fablico. Al\u00e9m da transfer\u00eancia direta de dinheiro p\u00fablico para os agiotas privados atrav\u00e9s do mecanismo da d\u00edvida, h\u00e1 v\u00e1rias outras formas do Estado desviar a riqueza gerada pelos trabalhadores para os capitalistas, como os empr\u00e9stimos a juros subsidiados, isen\u00e7\u00f5es fiscais, parcerias p\u00fablico-privadas (em que o governo faz o investimento e os empres\u00e1rios ficam com os lucros), obras p\u00fablicas a servi\u00e7o das grandes empresas, etc.<\/p>\n<p style=\"text-align: justify;\">\n<h3 style=\"text-align: justify;\">O papel dos governistas no movimento sindical<\/h3>\n<p style=\"text-align: justify;\">\n<p style=\"text-align: justify;\">Disso tudo podemos chegar \u00e0 conclus\u00e3o de que a luta dos funcion\u00e1rios das estatais federais \u00e9 parte da luta geral da popula\u00e7\u00e3o por servi\u00e7os p\u00fablicos de qualidade, que se expressou nas manifesta\u00e7\u00f5es. Os protestos reivindicavam dinheiro para as escolas, hospitais, redu\u00e7\u00e3o das passagens, etc., e n\u00e3o para est\u00e1dios da Copa, para a corrup\u00e7\u00e3o, etc. Ora, essas demandas jamais ser\u00e3o obtidas sem enfrentar o projeto do governo do PT, de priorizar o desvio de dinheiro para os capitalistas. A luta pelo controle do or\u00e7amento p\u00fablico poderia unificar o conjunto das manifesta\u00e7\u00f5es em um \u00fanico movimento, que teria que contestar o governo e apresentar um outro projeto para o pa\u00eds, do ponto de vista dos\u00a0trabalhadores. \u00c9 justamente esse mesmo projeto do governo do PT que os trabalhadores das categorias em campanha salarial enfrentam na sua luta.<\/p>\n<p style=\"text-align: justify;\">\u00c9 a\u00ed que entra o papel decisivo das centrais sindicais, a CUT, CTB, For\u00e7a Sindical, UGT, etc., que dirigem os sindicatos que representam as principais categorias organizadas. H\u00e1 muito tempo essas centrais deixaram de ser instrumentos para a luta dos trabalhadores. S\u00e3o ag\u00eancias do governo no interior do movimento, dedicadas a fazer propaganda do PT, e a impedir que as lutas concretas das categorias se desenvolvam. O controle das burocracias sindicais sobre os sindicatos \u00e9 fundamental para impedir que as greves e lutas se desenvolvam. A falta de organiza\u00e7\u00e3o nos locais de trabalho, de f\u00f3runs de base, de democracia nas\u00a0assembleias, de disputa ideol\u00f3gica contra a patronal, etc., fazem com que os ataques dos capitalistas sejam aplicados com<br \/>\ntranquilidade nos \u00faltimos anos ou d\u00e9cadas.<\/p>\n<p style=\"text-align: justify;\">\n<h3 style=\"text-align: justify;\">Por uma alternativa antigovernista para o movimento sindical!<\/h3>\n<p style=\"text-align: justify;\">\n<p style=\"text-align: justify;\">\u00c9 isso que estamos vendo tamb\u00e9m nas campanhas salariais de 2013. As centrais sindicais teriam o poder de unificar as diversas greves num \u00fanico movimento. Poderiam, mas n\u00e3o o fazem! O fato das diversas categorias terem calend\u00e1rios separados (ou a mesma categoria ter calend\u00e1rios diferentes, como Correios, que est\u00e1 em greve numa parte do pa\u00eds e n\u00e3o no restante), passeatas separadas, etc., \u00e9 justamente o resultado da a\u00e7\u00e3o das dire\u00e7\u00f5es sindicais, para impedir a unifica\u00e7\u00e3o das diversas categorias e a sua a\u00e7\u00e3o conjunta como classe! Seu projeto \u00e9 proteger o governo e o capital, e n\u00e3o representar os trabalhadores!<\/p>\n<p style=\"text-align: justify;\">Os trabalhadores precisam construir um movimento de oposi\u00e7\u00f5es sindicais nas diversas categorias, rompendo n\u00e3o apenas com as centrais enquanto institui\u00e7\u00f5es, mas como projeto e m\u00e9todo de organiza\u00e7\u00e3o. Precisamos construir organiza\u00e7\u00f5es de luta contra os capitalistas, completamente independentes dos partidos governistas, baseados na organiza\u00e7\u00e3o de base, com funcionamento regular e democr\u00e1tico.<\/p>\n<p style=\"text-align: justify;\">\n<p style=\"text-align: justify;\"><strong>* Todo apoio \u00e0s greves dos banc\u00e1rios, correios, petroleiros e metal\u00fargicos! Unifica\u00e7\u00e3o das categorias em luta, com calend\u00e1rios, piquetes, passeatas, assembleias unit\u00e1rios!<\/strong><\/p>\n<p><strong>* Elei\u00e7\u00e3o de representantes de base para as mesas de negocia\u00e7\u00e3o, com mandatos revog\u00e1veis! Pela democracia nas assembleias! Pelo direito de falar e defender propostas! Forma\u00e7\u00e3o de comandos de greve independentes, a partir de cada local de trabalho!<\/strong><\/p>\n<p><strong>* Por um movimento sindical combativo, antigovernista, democr\u00e1tico, organizado a partir da base!<\/strong><\/p>\n<p><strong>* Pelo atendimento imediato de todas as reivindica\u00e7\u00f5es das categorias!<\/strong><\/p>\n<p><strong>* Redu\u00e7\u00e3o da jornada de trabalho sem redu\u00e7\u00e3o dos sal\u00e1rios! Reajuste geral dos sal\u00e1rios! Congelamento dos pre\u00e7os dos alimentos e demais bens de consumo dos trabalhadores! Sal\u00e1rio M\u00ednimo do DIEESE para todos! N\u00e3o \u00e0 terceiriza\u00e7\u00e3o e \u00e0s formas de contrata\u00e7\u00e3o tempor\u00e1ria! Cotas proporcionais para negros nos concursos p\u00fablicos e empregos privados!<\/strong><\/p>\n<p><strong>* Reestatiza\u00e7\u00e3o da Embraer, da Vale e demais empresas privatizadas, sem indeniza\u00e7\u00e3o e sob controle dos trabalhadores! Petrobr\u00e1s, Banco do Brasil, Caixa e Correios 100% estatais e sob controle dos trabalhadores! Estatiza\u00e7\u00e3o do sistema financeiro sob controle dos trabalhadores! Fim da remessa de lucros para o exterior!<\/strong><\/p>\n<p><strong>* N\u00e3o pagamento das d\u00edvidas p\u00fablicas, interna e externa, e investimento desse dinheiro na Sa\u00fade, Educa\u00e7\u00e3o e Transporte<\/strong><br \/>\n<strong> p\u00fablicos!<\/strong><\/p>\n<p><strong>\u00a0<\/strong><\/p>\n<p>Espa\u00e7o Socialista, Setembro de 2013<\/p>\n","protected":false},"excerpt":{"rendered":"<p>O Brasil mudou depois das manifesta\u00e7\u00f5es do m\u00eas de junho. Houve uma explos\u00e3o de protestos iniciada pela juventude, que\u00a0come\u00e7ou lutando<\/p>\n","protected":false},"author":3,"featured_media":2415,"comment_status":"closed","ping_status":"closed","sticky":true,"template":"","format":"standard","meta":{"footnotes":""},"categories":[21],"tags":[],"_links":{"self":[{"href":"https:\/\/www.espacosocialista.org\/portal\/wp-json\/wp\/v2\/posts\/2414"}],"collection":[{"href":"https:\/\/www.espacosocialista.org\/portal\/wp-json\/wp\/v2\/posts"}],"about":[{"href":"https:\/\/www.espacosocialista.org\/portal\/wp-json\/wp\/v2\/types\/post"}],"author":[{"embeddable":true,"href":"https:\/\/www.espacosocialista.org\/portal\/wp-json\/wp\/v2\/users\/3"}],"replies":[{"embeddable":true,"href":"https:\/\/www.espacosocialista.org\/portal\/wp-json\/wp\/v2\/comments?post=2414"}],"version-history":[{"count":6,"href":"https:\/\/www.espacosocialista.org\/portal\/wp-json\/wp\/v2\/posts\/2414\/revisions"}],"predecessor-version":[{"id":2785,"href":"https:\/\/www.espacosocialista.org\/portal\/wp-json\/wp\/v2\/posts\/2414\/revisions\/2785"}],"wp:featuredmedia":[{"embeddable":true,"href":"https:\/\/www.espacosocialista.org\/portal\/wp-json\/wp\/v2\/media\/2415"}],"wp:attachment":[{"href":"https:\/\/www.espacosocialista.org\/portal\/wp-json\/wp\/v2\/media?parent=2414"}],"wp:term":[{"taxonomy":"category","embeddable":true,"href":"https:\/\/www.espacosocialista.org\/portal\/wp-json\/wp\/v2\/categories?post=2414"},{"taxonomy":"post_tag","embeddable":true,"href":"https:\/\/www.espacosocialista.org\/portal\/wp-json\/wp\/v2\/tags?post=2414"}],"curies":[{"name":"wp","href":"https:\/\/api.w.org\/{rel}","templated":true}]}}