{"id":335,"date":"2012-06-15T16:18:38","date_gmt":"2012-06-15T16:18:38","guid":{"rendered":"http:\/\/espacosocialista.org\/?q=node\/335"},"modified":"2013-01-19T18:26:03","modified_gmt":"2013-01-19T20:26:03","slug":"liberdade-para-os-presos-politicos-da-unifesp","status":"publish","type":"post","link":"https:\/\/www.espacosocialista.org\/portal\/2012\/06\/liberdade-para-os-presos-politicos-da-unifesp\/","title":{"rendered":"LIBERDADE PARA OS PRESOS POL\u00cdTICOS DA UNIFESP!"},"content":{"rendered":"<p><img decoding=\"async\" loading=\"lazy\" style=\"font-size: 14px; background-color: #ffffff; line-height: normal; text-align: center;\" alt=\"\" src=\"http:\/\/www.espacosocialista.org\/sites\/default\/files\/f_106581.jpg \" width=\"400\" height=\"267\" \/>\u00a0Na noite da quinta-feira 14 de junho a pol\u00edcia militar prendeu 26 estudantes da UNIFESP (Universidade Federal de s\u00e3o Paulo) de Guarulhos, que realizavam um ato pac\u00edfico dentro do campus da Universidade (segue ao final relato dos acontecimentos por uma estudante que estava no local). J\u00e1 no s\u00e1bado anterior 43 estudantes haviam sido detidos ao serem removidos da reitoria onde estavam ocupados em protesto contra as prec\u00e1rias condi\u00e7\u00f5es da universidade.<\/p>\n<p class=\"western\" style=\"margin-bottom: 0cm;\" align=\"JUSTIFY\">\n<p class=\"western\" style=\"margin-bottom: 0cm;\" align=\"JUSTIFY\">Mas dessa vez a repress\u00e3o foi longe demais: os estudantes detidos est\u00e3o sendo levados pela Pol\u00edcia Federal diretamente para a penitenci\u00e1ria (o \u201ccadei\u00e3o\u201d de Pinheiros), sem sequer terem fixada a fian\u00e7a. Al\u00e9m disso, os estudantes est\u00e3o sendo acusados de \u201cforma\u00e7\u00e3o de quadrilha\u201d, pois alguns deles seriam reincidentes da deten\u00e7\u00e3o anterior.<\/p>\n<p class=\"western\" style=\"margin-bottom: 0cm;\" align=\"JUSTIFY\">\n<p class=\"western\" style=\"margin-bottom: 0cm;\" align=\"JUSTIFY\">N\u00e3o vemos o mesmo rigor da Pol\u00edcia Federal quando se trata de figuras como Carlos Cachoeira, Dem\u00f3stenes Torres, Marconi Perillo, etc. Qual ser\u00e1 a quadrilha que causa mais preju\u00edzo ao pa\u00eds?<\/p>\n<p class=\"western\" style=\"margin-bottom: 0cm;\" align=\"JUSTIFY\">\n<p class=\"western\" style=\"margin-bottom: 0cm;\" align=\"JUSTIFY\">Os estudantes n\u00e3o s\u00e3o criminosos, s\u00e3o ativistas que est\u00e3o em luta contra a degrada\u00e7\u00e3o da educa\u00e7\u00e3o universit\u00e1ria, nas m\u00e3os do governo Dilma. A situa\u00e7\u00e3o da UNIFESP \u00e9 calamitosa: faltam salas de aula, refeit\u00f3rio, laborat\u00f3rio, verbas, moradia estudantil, etc. Essa situa\u00e7\u00e3o \u00e9 resultado do projeto de reforma universit\u00e1ria (REUNI) dos governos Lula\/Dilma, que retiram verbas da educa\u00e7\u00e3o p\u00fablica para entregar aos empres\u00e1rios da educa\u00e7\u00e3o privada (PROUNI). Esse m\u00e9todo \u00e9 coerente com o programa geral do governo, que gasta uma porcentagem \u00ednfima com a educa\u00e7\u00e3o e destina praticamente metade do or\u00e7amento ao pagamento da d\u00edvida p\u00fablica aos especuladores.<\/p>\n<p class=\"western\" style=\"margin-bottom: 0cm;\" align=\"JUSTIFY\">\n<p class=\"western\" style=\"margin-bottom: 0cm;\" align=\"JUSTIFY\">Para garantir a aplica\u00e7\u00e3o desse programa que beneficia os empres\u00e1rios, banqueiros e especuladores, o governo precisa impedir toda contesta\u00e7\u00e3o organizada. O governo n\u00e3o pode fazer nenhuma concess\u00e3o aos trabalhadores, porque isso comprometeria os seus planos de concentrar os gastos p\u00fablicos em favor de interesses particulares. Por isso as greves e movimentos reivindicat\u00f3rios t\u00eam sido tratados como caso de pol\u00edcia.<\/p>\n<p class=\"western\" style=\"margin-bottom: 0cm;\" align=\"JUSTIFY\">\n<p class=\"western\" style=\"margin-bottom: 0cm;\" align=\"JUSTIFY\">A repress\u00e3o ataca indiscriminadamente, por mais que as reivindica\u00e7\u00f5es sejam justas, como \u00e9 o caso da atual greve dos professores, funcion\u00e1rios e estudantes das universidades federais. A resposta para as reivindica\u00e7\u00f5es tem sido o autorismo, a brutalidade policial, as pris\u00f5es arbitr\u00e1rias, processos judiciais e administrativos, etc. A \u201cdemocracia\u201d mostra a sua verdadeira face: a liberdade de express\u00e3o est\u00e1 garantida, desde que n\u00e3o se expresse aquilo que realmente importa.<\/p>\n<p class=\"western\" style=\"margin-bottom: 0cm;\" align=\"JUSTIFY\">\n<p class=\"western\" style=\"margin-bottom: 0cm;\" align=\"JUSTIFY\">Chamamos a todas entidades do movimento estudantil, sindical e popular e todas as organiza\u00e7\u00f5es da classe trabalhadora a construir uma luta unit\u00e1ria pela liberdade dos presos pol\u00edticos! Os estudantes da UNIFESP n\u00e3o podem ficar isolados e precisam de todo apoio. A repress\u00e3o que ataca um setor do movimento ataca a todos! Somente atrav\u00e9s da luta unit\u00e1ria poderemos barrar os ataques contra os direitos e as condi\u00e7\u00f5es de vida dos trabalhadores!<\/p>\n<p class=\"western\" style=\"margin-bottom: 0cm;\" align=\"JUSTIFY\">\n<p class=\"western\" style=\"margin-bottom: 0cm;\" align=\"JUSTIFY\"><strong>Liberdade para os presos pol\u00edticos!<\/strong><\/p>\n<p class=\"western\" style=\"margin-bottom: 0cm;\" align=\"JUSTIFY\"><strong><br \/>\n<\/strong><\/p>\n<p class=\"western\" style=\"margin-bottom: 0cm;\" align=\"JUSTIFY\"><strong>Contra a repress\u00e3o aos movimentos sociais!<\/strong><\/p>\n<p class=\"western\" style=\"margin-bottom: 0cm;\" align=\"JUSTIFY\"><strong><br \/>\n<\/strong><\/p>\n<p class=\"western\" style=\"margin-bottom: 0cm;\" align=\"JUSTIFY\"><strong>Pela retirada dos processos contra os estudantes perseguidos!<\/strong><\/p>\n<p class=\"western\" style=\"margin-bottom: 0cm;\" align=\"JUSTIFY\"><strong><br \/>\n<\/strong><\/p>\n<p class=\"western\" style=\"margin-bottom: 0cm;\" align=\"JUSTIFY\"><strong>Pelo atendimento de todas as reivindica\u00e7\u00f5es dos grevistas!<\/strong><\/p>\n<p class=\"western\" style=\"margin-bottom: 0cm;\" align=\"JUSTIFY\"><strong><br \/>\n<\/strong><\/p>\n<p class=\"western\" style=\"margin-bottom: 0cm;\" align=\"JUSTIFY\"><strong>Por uma universidade p\u00fablica, gratuita e de qualidade a servi\u00e7o dos trabalhadores!<\/strong><\/p>\n<p class=\"western\" style=\"margin-bottom: 0cm;\" align=\"JUSTIFY\">\n<p class=\"western\" style=\"margin-bottom: 0cm;\" align=\"JUSTIFY\"><strong>Espa\u00e7o Socialista<\/strong><\/p>\n<p class=\"western\" style=\"margin-bottom: 0cm;\" align=\"JUSTIFY\">\n<p class=\"western\" style=\"margin-bottom: 0cm;\" align=\"JUSTIFY\">\u201cRelato de aluna da UNIFESP sobre a a\u00e7\u00e3o policial VIOLENTA que culminou na pris\u00e3o de 26 ESTUDANTES que ser\u00e3o encaminhados para PENITENCIARIAS em breve:<\/p>\n<p class=\"western\" style=\"margin-bottom: 0cm;\" align=\"JUSTIFY\">Hoje levaram mais 26 estudantes da UNIFESP pra delegacia federal, na lapa. Em menos de uma semana essa \u00e9 a segunda vez que a PM entra no campus de humanas ao mando de um prof. e da reitoria pra reprimir a nossa greve que j\u00e1 dura mais de 80 dias.<\/p>\n<p class=\"western\" style=\"margin-bottom: 0cm;\" align=\"JUSTIFY\">Fui uma dos 46 estudantes detidas na semana passada por causa da ocupa\u00e7\u00e3o da diretoria acad\u00eamica do campus, tentaram nos calar com um termo circunstanciado, nos deram um ch\u00e1 de cadeira de 12 horas, passamos fome, dormimos no ch\u00e3o e recebemos amea\u00e7as de ficarmos presos at\u00e9 a audi\u00eancia, mas n\u00e3o conseguiram.. e dessa vez agiram com MUITO mais viol\u00eancia..<\/p>\n<p class=\"western\" style=\"margin-bottom: 0cm;\" align=\"JUSTIFY\">Hoje foi feito uma assembleia intercampi e depois disso teve um ato no terminal Pimentas, perto da faculdade. Quando os alunos voltaram ao campus perceberam que o Diretor Acad\u00eamico, Marcos Cezar, estava em sua sala e queriam explica\u00e7\u00f5es sobre o truculenta atitude de colocar a tropa de choque pra prender a gente semana passada, como ele n\u00e3o saiu, come\u00e7aram a gritar palavras de ordem como: FORA MARCOS CEZAR.<\/p>\n<p class=\"western\" style=\"margin-bottom: 0cm;\" align=\"JUSTIFY\">Um prof., que n\u00e3o apoia o Movimento Estudantil chamou a pol\u00edcia militar, alegando que \u00edamos reocupar a diretoria, essa j\u00e1 chegou agressiva e amea\u00e7ou uma aluna que estava gritando: FORA PM DO CAMPUS, com as seguintes palavras: &#8220;Se vc gritar mais uma vez a gente vai descer a borracha&#8221;. Dito e feito. A laisy gritou e 3 policias a pegaram, deram borrachadas e a colocaram dentro do cambur\u00e3o. Nisso come\u00e7ou a confus\u00e3o e foi chamado mais refor\u00e7os policiais, esses chegaram com bombas de g\u00e1s lacrimog\u00eaneo e balas de borracha.<\/p>\n<p class=\"western\" style=\"margin-bottom: 0cm;\" align=\"JUSTIFY\">Tentaram dividir os alunos em dois grupos e sitiaram o campus, os alunos que tentaram se esconder nos fundos da faculdade foram pegos, algemados, colocados dentro de um onibus municipal e levados pra delegacia federal.<\/p>\n<p class=\"western\" style=\"margin-bottom: 0cm;\" align=\"JUSTIFY\">Algumas pessoas foram atingidas pelas balas.<\/p>\n<p class=\"western\" style=\"margin-bottom: 0cm;\" align=\"JUSTIFY\">Os que foram presos ficaram cerca de 40 minutos presos sozinhos no campus com a Pol\u00edcia militar, pois tiraram algumas pessoas do campus e trancaram o port\u00e3o da faculdade, quase que um cativeiro dentro de um espa\u00e7o p\u00fablico<\/p>\n<p class=\"western\" style=\"margin-bottom: 0cm;\" align=\"JUSTIFY\">Estou no 1\u00b0 ano da faculdade.. j\u00e1 fui detida junto com meus colegas do M.E da UNIFESP ,semana passada, por reivindicar que essa MERDA de REUNI seja algo melhor.<\/p>\n<p class=\"western\" style=\"margin-bottom: 0cm;\" align=\"JUSTIFY\">Agora meus colegas e companheiros foram agredidos, humilhados e est\u00e3o na delegacia de novo. A m\u00eddia est\u00e1 nos abafando e ningu\u00e9m nos apoia, n\u00e3o sei mais pra quem gritar. Como esperado, a midia burguesa n\u00e3o relata os verdadeiros fatos e criminaliza os estudantes.<\/p>\n<p class=\"western\" style=\"margin-bottom: 0cm;\" align=\"JUSTIFY\">\u00c9 preciso nos manter unidos, apoiando os estudantes agredidos e denunciando a repress\u00e3o. Pe\u00e7o para que, de forma individual ou coletiva (movimentos, entidades, institui\u00e7\u00f5es de direitos humanos) se solidarizem, ajudem a divulgar os fatos, precisamos de todo apoio poss\u00edvel, inclusive de advogados.\u201d<\/p>\n<p class=\"western\" style=\"margin-bottom: 0cm;\" align=\"JUSTIFY\">\n<p>&nbsp;<\/p>\n","protected":false},"excerpt":{"rendered":"<p><img decoding=\"async\" loading=\"lazy\" src=\"http:\/\/www.espacosocialista.org\/sites\/default\/files\/f_106581.jpg \" width=\"400\" height=\"267\" style=\"font-size: 14px; background-color: rgb(255, 255, 255); line-height: normal; text-align: center; \" alt=\"\" \/>&nbsp;Na noite da quinta-feira 14 de junho a pol&iacute;cia militar prendeu 26 estudantes da UNIFESP (Universidade Federal de s&atilde;o Paulo) de Guarulhos, que realizavam um ato pac&iacute;fico dentro do campus da Universidade (segue ao final  relato dos acontecimentos por uma estudante que estava no local). J&aacute; no s&aacute;bado anterior 43 estudantes haviam sido detidos ao serem removidos da reitoria onde estavam ocupados em protesto contra as prec&aacute;rias condi&ccedil;&otilde;es da universidade.<\/p>\n<p class=\"western\" align=\"JUSTIFY\" style=\"margin-bottom: 0cm\">&nbsp;<\/p>\n<p class=\"western\" align=\"JUSTIFY\" style=\"margin-bottom: 0cm\">Mas dessa vez a repress&atilde;o foi longe demais: os estudantes detidos est&atilde;o sendo levados pela Pol&iacute;cia Federal diretamente para a penitenci&aacute;ria (o &ldquo;cadei&atilde;o&rdquo; de Pinheiros), sem sequer terem fixada a fian&ccedil;a. Al&eacute;m disso, os estudantes est&atilde;o sendo acusados de &ldquo;forma&ccedil;&atilde;o de quadrilha&rdquo;, pois alguns deles seriam reincidentes da deten&ccedil;&atilde;o anterior.<\/p>\n<p class=\"western\" align=\"JUSTIFY\" style=\"margin-bottom: 0cm\">&nbsp;<\/p>\n<p class=\"western\" align=\"JUSTIFY\" style=\"margin-bottom: 0cm\">N&atilde;o vemos o mesmo rigor da Pol&iacute;cia Federal quando se trata de figuras como Carlos Cachoeira, Dem&oacute;stenes Torres, Marconi Perillo, etc. Qual ser&aacute; a quadrilha que causa mais preju&iacute;zo ao pa&iacute;s?<\/p>\n<p class=\"western\" align=\"JUSTIFY\" style=\"margin-bottom: 0cm\">&nbsp;<\/p>\n<p class=\"western\" align=\"JUSTIFY\" style=\"margin-bottom: 0cm\">Os estudantes n&atilde;o s&atilde;o criminosos, s&atilde;o ativistas que est&atilde;o em luta contra a degrada&ccedil;&atilde;o da educa&ccedil;&atilde;o universit&aacute;ria, nas m&atilde;os do governo Dilma. A situa&ccedil;&atilde;o da UNIFESP &eacute; calamitosa: faltam salas de aula, refeit&oacute;rio, laborat&oacute;rio, verbas, moradia estudantil, etc. Essa situa&ccedil;&atilde;o &eacute; resultado do projeto de reforma universit&aacute;ria (REUNI) dos governos Lula\/Dilma, que retiram verbas da educa&ccedil;&atilde;o p&uacute;blica para entregar aos empres&aacute;rios da educa&ccedil;&atilde;o privada (PROUNI). Esse m&eacute;todo &eacute; coerente com o programa geral do governo, que gasta uma porcentagem &iacute;nfima com a educa&ccedil;&atilde;o e destina praticamente metade do or&ccedil;amento ao pagamento da d&iacute;vida p&uacute;blica aos especuladores.<\/p>\n<p class=\"western\" align=\"JUSTIFY\" style=\"margin-bottom: 0cm\">&nbsp;<\/p>\n<p class=\"western\" align=\"JUSTIFY\" style=\"margin-bottom: 0cm\">Para garantir a aplica&ccedil;&atilde;o desse programa que beneficia os empres&aacute;rios, banqueiros e especuladores, o governo precisa impedir toda contesta&ccedil;&atilde;o organizada. O governo n&atilde;o pode fazer nenhuma concess&atilde;o aos trabalhadores, porque isso comprometeria os seus planos de concentrar os gastos p&uacute;blicos em favor de interesses particulares. Por isso as greves e movimentos reivindicat&oacute;rios t&ecirc;m sido tratados como caso de pol&iacute;cia.<\/p>\n<p class=\"western\" align=\"JUSTIFY\" style=\"margin-bottom: 0cm\">&nbsp;<\/p>\n<p class=\"western\" align=\"JUSTIFY\" style=\"margin-bottom: 0cm\">A repress&atilde;o ataca indiscriminadamente, por mais que as reivindica&ccedil;&otilde;es sejam justas, como &eacute; o caso da atual greve dos professores, funcion&aacute;rios e estudantes das universidades federais. A resposta para as reivindica&ccedil;&otilde;es tem sido o autorismo, a brutalidade policial, as pris&otilde;es arbitr&aacute;rias, processos judiciais e administrativos, etc. A &ldquo;democracia&rdquo; mostra a sua verdadeira face: a liberdade de express&atilde;o est&aacute; garantida, desde que n&atilde;o se expresse aquilo que realmente importa.<\/p>\n<p class=\"western\" align=\"JUSTIFY\" style=\"margin-bottom: 0cm\">&nbsp;<\/p>\n<p class=\"western\" align=\"JUSTIFY\" style=\"margin-bottom: 0cm\">Chamamos a todas entidades do movimento estudantil, sindical e popular e todas as organiza&ccedil;&otilde;es da classe trabalhadora a construir uma luta unit&aacute;ria pela liberdade dos presos pol&iacute;ticos! Os estudantes da UNIFESP n&atilde;o podem ficar isolados e precisam de todo apoio. A repress&atilde;o que ataca um setor do movimento ataca a todos! Somente atrav&eacute;s da luta unit&aacute;ria poderemos barrar os ataques contra os direitos e as condi&ccedil;&otilde;es de vida dos trabalhadores!<\/p>\n<p class=\"western\" align=\"JUSTIFY\" style=\"margin-bottom: 0cm\">&nbsp;<\/p>\n<p class=\"western\" align=\"JUSTIFY\" style=\"margin-bottom: 0cm\"><strong>Liberdade para os presos pol&iacute;ticos!<\/strong><\/p>\n<p class=\"western\" align=\"JUSTIFY\" style=\"margin-bottom: 0cm\"><strong><br \/>\n<\/strong><\/p>\n<p class=\"western\" align=\"JUSTIFY\" style=\"margin-bottom: 0cm\"><strong>Contra a repress&atilde;o aos movimentos sociais!<\/strong><\/p>\n<p class=\"western\" align=\"JUSTIFY\" style=\"margin-bottom: 0cm\"><strong><br \/>\n<\/strong><\/p>\n<p class=\"western\" align=\"JUSTIFY\" style=\"margin-bottom: 0cm\"><strong>Pela retirada dos processos contra os estudantes perseguidos!<\/strong><\/p>\n<p class=\"western\" align=\"JUSTIFY\" style=\"margin-bottom: 0cm\"><strong><br \/>\n<\/strong><\/p>\n<p class=\"western\" align=\"JUSTIFY\" style=\"margin-bottom: 0cm\"><strong>Pelo atendimento de todas as reivindica&ccedil;&otilde;es dos grevistas!<\/strong><\/p>\n<p class=\"western\" align=\"JUSTIFY\" style=\"margin-bottom: 0cm\"><strong><br \/>\n<\/strong><\/p>\n<p class=\"western\" align=\"JUSTIFY\" style=\"margin-bottom: 0cm\"><strong>Por uma universidade p&uacute;blica, gratuita e de qualidade a servi&ccedil;o dos trabalhadores!<\/strong><\/p>\n<p class=\"western\" align=\"JUSTIFY\" style=\"margin-bottom: 0cm\">&nbsp;<\/p>\n<p class=\"western\" align=\"JUSTIFY\" style=\"margin-bottom: 0cm\"><strong>Espa&ccedil;o Socialista<\/strong><\/p>\n<p class=\"western\" align=\"JUSTIFY\" style=\"margin-bottom: 0cm\">&nbsp;<\/p>\n<p class=\"western\" align=\"JUSTIFY\" style=\"margin-bottom: 0cm\">&ldquo;Relato de aluna da UNIFESP sobre a a&ccedil;&atilde;o policial VIOLENTA que culminou na pris&atilde;o de 26 ESTUDANTES que ser&atilde;o encaminhados para PENITENCIARIAS em breve:<\/p>\n<p class=\"western\" align=\"JUSTIFY\" style=\"margin-bottom: 0cm\">Hoje levaram mais 26 estudantes da UNIFESP pra delegacia federal, na lapa. Em menos de uma semana essa &eacute; a segunda vez que a PM entra no campus de humanas ao mando de um prof. e da reitoria pra reprimir a nossa greve que j&aacute; dura mais de 80 dias.<\/p>\n<p class=\"western\" align=\"JUSTIFY\" style=\"margin-bottom: 0cm\">Fui uma dos 46 estudantes detidas na semana passada por causa da ocupa&ccedil;&atilde;o da diretoria acad&ecirc;mica do campus, tentaram nos calar com um termo circunstanciado, nos deram um ch&aacute; de cadeira de 12 horas, passamos fome, dormimos no ch&atilde;o e recebemos amea&ccedil;as de ficarmos presos at&eacute; a audi&ecirc;ncia, mas n&atilde;o conseguiram.. e dessa vez agiram com MUITO mais viol&ecirc;ncia..<\/p>\n<p class=\"western\" align=\"JUSTIFY\" style=\"margin-bottom: 0cm\">Hoje foi feito uma assembleia intercampi e depois disso teve um ato no terminal Pimentas, perto da faculdade. Quando os alunos voltaram ao campus perceberam que o Diretor Acad&ecirc;mico, Marcos Cezar, estava em sua sala e queriam explica&ccedil;&otilde;es sobre o truculenta atitude de colocar a tropa de choque pra prender a gente semana passada, como ele n&atilde;o saiu, come&ccedil;aram a gritar palavras de ordem como: FORA MARCOS CEZAR.<\/p>\n<p class=\"western\" align=\"JUSTIFY\" style=\"margin-bottom: 0cm\">Um prof., que n&atilde;o apoia o Movimento Estudantil chamou a pol&iacute;cia militar, alegando que &iacute;amos reocupar a diretoria, essa j&aacute; chegou agressiva e amea&ccedil;ou uma aluna que estava gritando: FORA PM DO CAMPUS, com as seguintes palavras: &quot;Se vc gritar mais uma vez a gente vai descer a borracha&quot;. Dito e feito. A laisy gritou e 3 policias a pegaram, deram borrachadas e a colocaram dentro do cambur&atilde;o. Nisso come&ccedil;ou a confus&atilde;o e foi chamado mais refor&ccedil;os policiais, esses chegaram com bombas de g&aacute;s lacrimog&ecirc;neo e balas de borracha.<\/p>\n<p class=\"western\" align=\"JUSTIFY\" style=\"margin-bottom: 0cm\">Tentaram dividir os alunos em dois grupos e sitiaram o campus, os alunos que tentaram se esconder nos fundos da faculdade foram pegos, algemados, colocados dentro de um onibus municipal e levados pra delegacia federal.<\/p>\n<p class=\"western\" align=\"JUSTIFY\" style=\"margin-bottom: 0cm\">Algumas pessoas foram atingidas pelas balas.<\/p>\n<p class=\"western\" align=\"JUSTIFY\" style=\"margin-bottom: 0cm\">Os que foram presos ficaram cerca de 40 minutos presos sozinhos no campus com a Pol&iacute;cia militar, pois tiraram algumas pessoas do campus e trancaram o port&atilde;o da faculdade, quase que um cativeiro dentro de um espa&ccedil;o p&uacute;blico<\/p>\n<p class=\"western\" align=\"JUSTIFY\" style=\"margin-bottom: 0cm\">Estou no 1&deg; ano da faculdade.. j&aacute; fui detida junto com meus colegas do M.E da UNIFESP ,semana passada, por reivindicar que essa MERDA de REUNI seja algo melhor.<\/p>\n<p class=\"western\" align=\"JUSTIFY\" style=\"margin-bottom: 0cm\">Agora meus colegas e companheiros foram agredidos, humilhados e est&atilde;o na delegacia de novo. A m&iacute;dia est&aacute; nos abafando e ningu&eacute;m nos apoia, n&atilde;o sei mais pra quem gritar. Como esperado, a midia burguesa n&atilde;o relata os verdadeiros fatos e criminaliza os estudantes.<\/p>\n<p class=\"western\" align=\"JUSTIFY\" style=\"margin-bottom: 0cm\">&Eacute; preciso nos manter unidos, apoiando os estudantes agredidos e denunciando a repress&atilde;o. Pe&ccedil;o para que, de forma individual ou coletiva (movimentos, entidades, institui&ccedil;&otilde;es de direitos humanos) se solidarizem, ajudem a divulgar os fatos, precisamos de todo apoio poss&iacute;vel, inclusive de advogados.&rdquo;<\/p>\n<p class=\"western\" align=\"JUSTIFY\" style=\"margin-bottom: 0cm\">&nbsp;<\/p>\n<p>&nbsp;<\/p>\n","protected":false},"author":3,"featured_media":0,"comment_status":"open","ping_status":"open","sticky":false,"template":"","format":"standard","meta":{"footnotes":""},"categories":[3],"tags":[],"_links":{"self":[{"href":"https:\/\/www.espacosocialista.org\/portal\/wp-json\/wp\/v2\/posts\/335"}],"collection":[{"href":"https:\/\/www.espacosocialista.org\/portal\/wp-json\/wp\/v2\/posts"}],"about":[{"href":"https:\/\/www.espacosocialista.org\/portal\/wp-json\/wp\/v2\/types\/post"}],"author":[{"embeddable":true,"href":"https:\/\/www.espacosocialista.org\/portal\/wp-json\/wp\/v2\/users\/3"}],"replies":[{"embeddable":true,"href":"https:\/\/www.espacosocialista.org\/portal\/wp-json\/wp\/v2\/comments?post=335"}],"version-history":[{"count":2,"href":"https:\/\/www.espacosocialista.org\/portal\/wp-json\/wp\/v2\/posts\/335\/revisions"}],"predecessor-version":[{"id":698,"href":"https:\/\/www.espacosocialista.org\/portal\/wp-json\/wp\/v2\/posts\/335\/revisions\/698"}],"wp:attachment":[{"href":"https:\/\/www.espacosocialista.org\/portal\/wp-json\/wp\/v2\/media?parent=335"}],"wp:term":[{"taxonomy":"category","embeddable":true,"href":"https:\/\/www.espacosocialista.org\/portal\/wp-json\/wp\/v2\/categories?post=335"},{"taxonomy":"post_tag","embeddable":true,"href":"https:\/\/www.espacosocialista.org\/portal\/wp-json\/wp\/v2\/tags?post=335"}],"curies":[{"name":"wp","href":"https:\/\/api.w.org\/{rel}","templated":true}]}}