{"id":373,"date":"2012-12-27T12:53:55","date_gmt":"2012-12-27T14:53:55","guid":{"rendered":"http:\/\/espacosocialista.org\/?q=node\/373"},"modified":"2013-06-26T15:19:15","modified_gmt":"2013-06-26T18:19:15","slug":"pedimos-seu-apoio-e-solidariedade-aos-estudantes-em-luta-na-fundacao-santo-andre","status":"publish","type":"post","link":"https:\/\/www.espacosocialista.org\/portal\/2012\/12\/pedimos-seu-apoio-e-solidariedade-aos-estudantes-em-luta-na-fundacao-santo-andre\/","title":{"rendered":"Pedimos seu apoio e solidariedade aos estudantes em luta na Funda\u00e7\u00e3o Santo Andr\u00e9"},"content":{"rendered":"<div style=\"text-align: justify;\">\n<p>A Funda\u00e7\u00e3o Santo Andr\u00e9, n\u00e3o diferente das demais institui\u00e7\u00f5es de ensino superior p\u00fablicas e privadas, vem passando, j\u00e1 h\u00e1 muitos anos, por um processo de rebaixamento da qualidade de seus cursos, visando sua adequa\u00e7\u00e3o ao mercado. Este processo vem acompanhado de medidas privatistas e de higieniza\u00e7\u00e3o, como a amea\u00e7a da coloca\u00e7\u00e3o de catracas, de privatiza\u00e7\u00e3o do estacionamento (em pleno espa\u00e7o p\u00fablico!) e a inflexibilidade da reitoria ao n\u00e3o negociar as mensalidades. Esta \u00faltima medida resulta em toneladas de processos nas costas dos estudantes inadimplentes, que t\u00eam recebido frequentemente a visita de oficiais de justi\u00e7a em suas casas e t\u00eam tido suas contas banc\u00e1rias bloqueadas, passando por cima da necessidade de garantir a perman\u00eancia do estudante na universidade.<\/p>\n<p>A atual gest\u00e3o da reitoria tem acumulado impopularidade por meio de diversos ataques desferidos contra a comunidade acad\u00eamica. Para que n\u00e3o haja contesta\u00e7\u00e3o na aplica\u00e7\u00e3o de um projeto de universidade que s\u00f3 favorece os interesses de uma minoria, a reitoria tem agido de forma autorit\u00e1ria: marginalizou e fechou espa\u00e7os de representa\u00e7\u00e3o e luta dos estudantes por n\u00e3o serem convenientes aos seus desmandos, a amea\u00e7a permanente de fechamento dos cursos de licenciatura (respons\u00e1veis pelo respeito que a institui\u00e7\u00e3o goza na regi\u00e3o), a coloca\u00e7\u00e3o de grades e catracas criando obst\u00e1culos do acesso da popula\u00e7\u00e3o a um espa\u00e7o p\u00fablico e, por fim, a proposta de privatiza\u00e7\u00e3o do espa\u00e7o de estacionamento.<\/p>\n<p>O Diret\u00f3rio Acad\u00eamico da FAFIL, que \u00e9 um hist\u00f3rico aglutinador da resist\u00eancia, com papel de destaque na luta pela remo\u00e7\u00e3o do corrupto reitor anterior, teve sua sede emparedada na virada do ano de 2011 para 2012, na calada das f\u00e9rias, sendo este ato ilegal e ileg\u00edtimo, sendo que h\u00e1 d\u00e9cadas as entidades estudantis funcionavam neste espa\u00e7o.<\/p>\n<p>A reitoria alega que o DA n\u00e3o existe formalmente, mas isso n\u00e3o a impede de processar integrantes desse mesmo DA, numa flagrante contradi\u00e7\u00e3o que exp\u00f5e os interesses obscuros da reitoria. Nem a ditadura militar exigia registro das entidades estudantis em cart\u00f3rios para o reconhecimento das mesmas.<br \/>\nOs estudantes est\u00e3o em luta contra esses atos unilaterais e autorit\u00e1rios. Mas a cada tentativa de organiza\u00e7\u00e3o estudantil, a reitoria abre sindic\u00e2ncias contra os ativistas, muitas vezes quando nem sequer est\u00e3o na universidade. Atualmente, diversos estudantes est\u00e3o sofrendo sindic\u00e2ncia, instauradas arbitrariamente pela reitoria da FSA e, n\u00e3o por coincid\u00eancia, s\u00e3o todos lutadores que t\u00eam participado da organiza\u00e7\u00e3o dos demais estudantes contra os problemas cotidianos da universidade e questionado o modelo de gest\u00e3o adotado pela atual reitoria.<\/p>\n<p>Inclusive j\u00e1 foram impostas penalidades sem nem ao menos ter sido garantido o direito elementar \u00e0 defesa e ao contradit\u00f3rio.<\/p>\n<p>A utiliza\u00e7\u00e3o das sindic\u00e2ncias \u00e9 evidentemente um recurso dos que, no ambiente acad\u00eamico, n\u00e3o tem argumentos amparados pela raz\u00e3o e pelos preceitos democr\u00e1ticos.<\/p>\n<p>Professores tamb\u00e9m j\u00e1 foram desligados e est\u00e3o sendo processados. A Associa\u00e7\u00e3o dos docentes da FSA denunciou em uma carta aberta a persegui\u00e7\u00e3o a v\u00e1rios professores que tem algum questionamento.<\/p>\n<p>As persegui\u00e7\u00f5es e a repress\u00e3o aos que lutam t\u00eam o objetivo de tentar impedir a livre organiza\u00e7\u00e3o e a circula\u00e7\u00e3o de ideias pr\u00f3prias de um ambiente em que, por sua ess\u00eancia, deveria ter circula\u00e7\u00e3o livre e, inclusive, incentivadas como parte da forma\u00e7\u00e3o de homens e mulheres livres e cr\u00edticos. Entendemos as sindic\u00e2ncias e processos administrativos em curso na FSA como parte de um processo maior de criminaliza\u00e7\u00e3o dos movimentos sociais e de organiza\u00e7\u00f5es de trabalhadores, como a pris\u00e3o de 73 estudantes na USP, os processos administrativos a estudantes e funcion\u00e1rios, a repress\u00e3o, viol\u00eancia e pris\u00e3o dos estudantes da UNIFESP Guarulhos, a repress\u00e3o aos diversos movimentos de luta por moradia no \u00faltimo per\u00edodo.<\/p>\n<p>Repudiamos a tentativa da reitoria da Funda\u00e7\u00e3o Santo Andr\u00e9 de reprimir o movimento estudantil ao qual toda a sociedade brasileira\u2013 e inclusive a Funda\u00e7\u00e3o Santo Andr\u00e9, por terem sido protagonista na luta contra a gest\u00e3o anterior- tem um d\u00edvida hist\u00f3rica.<\/p>\n<p>A Funda\u00e7\u00e3o Santo Andr\u00e9, que desde a sua constitui\u00e7\u00e3o pela Poder P\u00fablico Municipal de Santo Andr\u00e9, sempre esteve na linha de frente da luta pelo desenvolvimento da democracia e do ensino p\u00fablico, n\u00e3o merece estes atos de persegui\u00e7\u00e3o patrocinada por uma reitoria que, inclusive, foi v\u00edtima de persegui\u00e7\u00e3o na gest\u00e3o anterior.<br \/>\nEssas s\u00e3o as raz\u00f5es de nos solidarizarmos de forma inconteste aos estudantes e professores da Funda\u00e7\u00e3o Santo Andr\u00e9 que est\u00e3o sendo perseguidos, seja por sindic\u00e2ncia, seja por qualquer outro artif\u00edcio. A nossa mais veemente repulsa a toda e qualquer tipo de persegui\u00e7\u00e3o aos que lutam por uma universidade p\u00fablica e de qualidade e acima de tudo democr\u00e1tica.<\/p>\n<p><strong>Seguem abaixo os locais onde precisamos que seja enviada a mo\u00e7\u00e3o. Pedimos que enviem com c\u00f3pia ao e-mail contraaperseguicaopolitica@hotmail.com para nosso controle:<\/strong><\/p>\n<p>Patr\u00edcia Maria Sanvto Moroni &#8211; Curadora das Funda\u00e7\u00f5es de Santo Andr\u00e9 &#8211; psanvito@mp.sp.gov.br<br \/>\nReitoria da Funda\u00e7\u00e3o Santo Andr\u00e9 &#8211; reitoria@fsa.br<br \/>\nDiretorias da Funda\u00e7\u00e3o Santo Andr\u00e9 &#8211; fafil@fsa.br; faeco@fsa.br; faeng@fsa.br<br \/>\nPro-reitoria de Gradua\u00e7\u00e3o da FUnda\u00e7\u00e3o SAnto Andr\u00e9 &#8211; prograd@fsa.br<br \/>\nCorregedoria do Minist\u00e9rio P\u00fablico do Estado de S\u00e3o Paulo &#8211; cgmp@mp.sp.gov.br<br \/>\nNosso controle: contraaperseguicaopolitica@hotmail.com<\/p>\n<p>&nbsp;<\/p>\n<h3><strong>\u00a0Quem j\u00e1 manifestou apoio assinando a mo\u00e7\u00e3o:<\/strong><\/h3>\n<p>&nbsp;<\/p>\n<p>1-Sindicato dos Trabalhadores do Judici\u00e1rio Federal no Estado de S\u00e3o Paulo \u2013 SINTRAJUD;<\/p>\n<p>2-Coordena\u00e7\u00e3o Geral do Sindicato dos Servidores das Institui\u00e7\u00f5es Federais de Ensino Superior do ABC \u2013 SinSIFES-ABC;<\/p>\n<p>3-Edmundo Fernandes Dias;<\/p>\n<p>4-SINDICATO DOS BANC\u00c1RIOS DE BAURU E REGI\u00c3O \/ CSP CONLUTAS;<\/p>\n<p>5-Oposi\u00e7\u00e3o Alternativa-APEOESP;<\/p>\n<p>6-ADUNESP<br \/>\nASSOCIA\u00c7\u00c3O DOS DOCENTES DA UNESP;<\/p>\n<p>7- Secretaria Nacional CSP-Conlutas &#8211; Central Sindical e Popular;<\/p>\n<p>8-DIRE\u00c7\u00c3O DO SINDICATO DOS METAL\u00daRGICOS DE S\u00c3O<br \/>\nJOS\u00c9 DOS CAMPOS E REGI\u00c3O;<\/p>\n<p>9-Secretaria Geral do Sindppd\/RS;<\/p>\n<p>10-SINTUSP \u2013 Sindicato dos Trabalhadores da USP;<\/p>\n<p>11-SINTSEF\/RN \u2013 Sindicato dos Trabalhadores do Servi\u00e7o P\u00fablico Federal do Rio Grande do Norte;<\/p>\n<p>12-Edson Bueno de Camargo &#8211; Escritor &#8211; pedagogo \u2013 poeta;<\/p>\n<p>13-Denis de Oliveira Pinho &#8211; Desenhista;<\/p>\n<p>14-Fabiano Calixto (professor, escritor, mestre em teoria liter\u00e1ria e literatura comparada pela Universidade de S\u00e3o Paulo);<\/p>\n<p>15- Gabriel Pedrosa, professor universit\u00e1rio;<\/p>\n<p>16-Jornal Brado Informativo &#8211; Grupo de Estudos Filosofia da Pr\u00e1xis;<\/p>\n<p>17-Diretoria da Regional SP do ANDES-SN;<\/p>\n<p>18-APEOESP<\/p>\n<p>19- Andr\u00e9 Luis de Oliveira Almeida<\/p>\n<p>20- CSP \u2013 Conlutas e Assembleia Nacional dos Estudantes \u2013 Livre (ANEL)<\/p>\n<p>21- M\u00e1rcio Castro<\/p>\n<p>22- Ricardo Alvarez &#8211; professor<\/p>\n<p>23 \u2013 Michel P.<\/p>\n<p>24 \u2013 Alexandre Silva<\/p>\n<p>25 &#8211; Movimento Mulheres em Luta ABCDMRR<\/p>\n<p>26 -Centro Acad\u00eamico de Servi\u00e7os Sociais da Unesp de Franca<\/p>\n<p>&nbsp;<\/p>\n<p>&nbsp;<\/p>\n<\/div>\n<p>&nbsp;<\/p>\n","protected":false},"excerpt":{"rendered":"<div style=\"text-align: justify\">\n<p>A Funda&ccedil;&atilde;o Santo Andr&eacute;, n&atilde;o diferente das demais institui&ccedil;&otilde;es de ensino superior  p&uacute;blicas e privadas, vem passando, j&aacute; h&aacute; muitos anos, por um processo de rebaixamento da qualidade de seus cursos, visando sua adequa&ccedil;&atilde;o ao mercado. Este processo vem acompanhado de medidas privatistas e de higieniza&ccedil;&atilde;o, como a amea&ccedil;a da coloca&ccedil;&atilde;o de catracas, de privatiza&ccedil;&atilde;o do estacionamento (em pleno espa&ccedil;o p&uacute;blico!) e a inflexibilidade da reitoria ao n&atilde;o negociar as mensalidades. Esta &uacute;ltima medida resulta em toneladas de processos nas costas dos estudantes inadimplentes, que t&ecirc;m recebido frequentemente a visita de oficiais de justi&ccedil;a em suas casas e t&ecirc;m tido suas contas banc&aacute;rias bloqueadas, passando por cima da necessidade de garantir a perman&ecirc;ncia do estudante na universidade.<\/p>\n<p>A atual gest&atilde;o da reitoria tem acumulado impopularidade por meio de diversos ataques desferidos contra a comunidade acad&ecirc;mica. Para que n&atilde;o haja contesta&ccedil;&atilde;o na aplica&ccedil;&atilde;o de um projeto de universidade que s&oacute; favorece os interesses de uma minoria, a reitoria tem agido de forma autorit&aacute;ria: marginalizou e fechou espa&ccedil;os de representa&ccedil;&atilde;o e luta dos estudantes por n&atilde;o serem convenientes aos seus desmandos,  a amea&ccedil;a permanente de fechamento dos cursos de licenciatura (respons&aacute;veis pelo respeito que a institui&ccedil;&atilde;o goza na regi&atilde;o), a coloca&ccedil;&atilde;o de grades e catracas criando obst&aacute;culos do acesso da popula&ccedil;&atilde;o a um espa&ccedil;o p&uacute;blico e, por fim, a proposta de privatiza&ccedil;&atilde;o do espa&ccedil;o de estacionamento.<\/p>\n<p>O Diret&oacute;rio Acad&ecirc;mico da FAFIL, que &eacute; um hist&oacute;rico aglutinador da resist&ecirc;ncia, com papel de destaque na luta pela remo&ccedil;&atilde;o do corrupto reitor anterior, teve sua sede emparedada na virada do ano de 2011 para 2012, na calada das f&eacute;rias, sendo este ato ilegal e ileg&iacute;timo, sendo que h&aacute; d&eacute;cadas as entidades estudantis funcionavam neste espa&ccedil;o.<\/p>\n<p>A reitoria alega que o DA n&atilde;o existe formalmente, mas isso n&atilde;o a impede de processar integrantes desse mesmo DA, numa flagrante contradi&ccedil;&atilde;o que exp&otilde;e os interesses obscuros da reitoria. Nem a ditadura militar exigia registro das entidades estudantis em cart&oacute;rios para o reconhecimento das mesmas.<br \/>\nOs estudantes est&atilde;o em luta contra esses atos unilaterais e autorit&aacute;rios. Mas a cada tentativa de organiza&ccedil;&atilde;o estudantil, a reitoria abre sindic&acirc;ncias contra os ativistas, muitas vezes quando nem sequer est&atilde;o na universidade. Atualmente, diversos estudantes est&atilde;o sofrendo sindic&acirc;ncia, instauradas arbitrariamente pela reitoria da FSA e, n&atilde;o por coincid&ecirc;ncia, s&atilde;o todos lutadores que t&ecirc;m participado da organiza&ccedil;&atilde;o dos demais estudantes contra os problemas cotidianos da universidade e questionado o modelo de gest&atilde;o adotado pela atual reitoria.<\/p>\n<p>Inclusive j&aacute; foram impostas penalidades sem nem ao menos ter sido garantido o direito elementar &agrave; defesa e ao contradit&oacute;rio.<\/p>\n<p>A utiliza&ccedil;&atilde;o das sindic&acirc;ncias &eacute; evidentemente um recurso dos que, no ambiente acad&ecirc;mico, n&atilde;o tem argumentos amparados pela raz&atilde;o e pelos preceitos democr&aacute;ticos.<\/p>\n<p>Professores tamb&eacute;m j&aacute; foram desligados e est&atilde;o sendo processados. A Associa&ccedil;&atilde;o dos docentes da FSA denunciou em uma carta aberta a persegui&ccedil;&atilde;o a v&aacute;rios professores que tem algum questionamento.<\/p>\n<p>As persegui&ccedil;&otilde;es e a repress&atilde;o aos que lutam t&ecirc;m o objetivo de tentar impedir a livre organiza&ccedil;&atilde;o e a circula&ccedil;&atilde;o de ideias pr&oacute;prias de um ambiente em que, por sua ess&ecirc;ncia, deveria ter circula&ccedil;&atilde;o livre e, inclusive, incentivadas como parte da forma&ccedil;&atilde;o de homens e mulheres livres e cr&iacute;ticos. Entendemos as sindic&acirc;ncias e processos administrativos em curso na FSA como parte de um processo maior de criminaliza&ccedil;&atilde;o dos movimentos sociais e de organiza&ccedil;&otilde;es de trabalhadores, como a pris&atilde;o de 73 estudantes na USP, os processos administrativos a estudantes e funcion&aacute;rios, a repress&atilde;o, viol&ecirc;ncia e pris&atilde;o dos estudantes da UNIFESP Guarulhos, a repress&atilde;o aos diversos movimentos de luta por moradia no &uacute;ltimo per&iacute;odo.<\/p>\n<p>Repudiamos a tentativa da reitoria da Funda&ccedil;&atilde;o Santo Andr&eacute; de reprimir o movimento estudantil ao qual toda a sociedade brasileira&ndash; e inclusive a Funda&ccedil;&atilde;o Santo Andr&eacute;, por terem sido protagonista na luta contra a gest&atilde;o anterior- tem um d&iacute;vida hist&oacute;rica.<\/p>\n<p>A Funda&ccedil;&atilde;o Santo Andr&eacute;, que desde a sua constitui&ccedil;&atilde;o pela Poder P&uacute;blico Municipal de Santo Andr&eacute;, sempre esteve na linha de frente da luta pelo desenvolvimento da democracia e do ensino p&uacute;blico, n&atilde;o merece estes atos de persegui&ccedil;&atilde;o patrocinada por uma reitoria que, inclusive, foi v&iacute;tima de persegui&ccedil;&atilde;o na gest&atilde;o anterior.<br \/>\nEssas s&atilde;o as raz&otilde;es de nos solidarizarmos de forma inconteste aos estudantes e professores da Funda&ccedil;&atilde;o Santo Andr&eacute; que est&atilde;o sendo perseguidos, seja por sindic&acirc;ncia, seja por qualquer outro artif&iacute;cio. A nossa mais veemente repulsa a toda e qualquer tipo de persegui&ccedil;&atilde;o aos que lutam por uma universidade p&uacute;blica e de qualidade e acima de tudo democr&aacute;tica.<\/p>\n<p>\n<strong>Seguem abaixo os locais onde precisamos que seja enviada a mo&ccedil;&atilde;o. Pedimos que enviem com c&oacute;pia ao  e-mail contraaperseguicaopolitica@hotmail.com para nosso controle:<\/strong><\/p>\n<p>\nPatr&iacute;cia Maria Sanvto Moroni &#8211; Curadora das Funda&ccedil;&otilde;es de Santo Andr&eacute; &#8211; psanvito@mp.sp.gov.br <br \/>\nReitoria da Funda&ccedil;&atilde;o Santo Andr&eacute; &#8211; reitoria@fsa.br <br \/>\nDiretorias da Funda&ccedil;&atilde;o Santo Andr&eacute; &#8211; fafil@fsa.br; faeco@fsa.br; faeng@fsa.br<br \/>\nPro-reitoria de Gradua&ccedil;&atilde;o da FUnda&ccedil;&atilde;o SAnto Andr&eacute; &#8211; prograd@fsa.br<br \/>\nCorregedoria do Minist&eacute;rio P&uacute;blico do Estado de S&atilde;o Paulo &#8211;  cgmp@mp.sp.gov.br<br \/>\nNosso controle: contraaperseguicaopolitica@hotmail.com<\/p>\n<p>&nbsp;<\/p>\n<h3><strong>&nbsp;Quem j&aacute; manifestou apoio assinando a mo&ccedil;&atilde;o:<\/strong><\/h3>\n<p>&nbsp;<\/p>\n<p>1-Sindicato dos Trabalhadores do Judici&aacute;rio Federal no Estado de S&atilde;o Paulo &ndash; SINTRAJUD;<\/p>\n<p>2-Coordena&ccedil;&atilde;o Geral do Sindicato dos Servidores das Institui&ccedil;&otilde;es Federais de Ensino Superior do ABC &ndash; SinSIFES-ABC;<\/p>\n<p>3-Edmundo Fernandes Dias;<\/p>\n<p>4-SINDICATO DOS BANC&Aacute;RIOS DE BAURU E REGI&Atilde;O \/ CSP CONLUTAS;<\/p>\n<p>5-Oposi&ccedil;&atilde;o Alternativa-APEOESP;<\/p>\n<p>6-ADUNESP<br \/>\nASSOCIA&Ccedil;&Atilde;O DOS DOCENTES DA UNESP;<\/p>\n<p>7- Secretaria Nacional CSP-Conlutas &#8211; Central Sindical e Popular;<\/p>\n<p>8-DIRE&Ccedil;&Atilde;O DO SINDICATO DOS METAL&Uacute;RGICOS DE S&Atilde;O<br \/>\nJOS&Eacute; DOS CAMPOS E REGI&Atilde;O;<\/p>\n<p>9-Secretaria Geral do Sindppd\/RS;<\/p>\n<p>10-SINTUSP &ndash; Sindicato dos Trabalhadores da USP;<\/p>\n<p>11-SINTSEF\/RN &ndash; Sindicato dos Trabalhadores do Servi&ccedil;o P&uacute;blico Federal do Rio Grande do Norte;<\/p>\n<p>12-Edson Bueno de Camargo   &#8211; Escritor &#8211; pedagogo &ndash; poeta;<\/p>\n<p>13-Denis de Oliveira Pinho &#8211; Desenhista;<\/p>\n<p>14-Fabiano Calixto (professor, escritor, mestre em teoria liter&aacute;ria e literatura comparada pela Universidade de S&atilde;o Paulo);<\/p>\n<p>15- Gabriel Pedrosa, professor universit&aacute;rio;<\/p>\n<p>16-Jornal Brado Informativo &#8211; Grupo de Estudos Filosofia da Pr&aacute;xis;<\/p>\n<p>17-Diretoria da Regional SP do ANDES-SN;<\/p>\n<p>18-APEOESP<\/p>\n<p>19- Andr&eacute; Luis de Oliveira Almeida<\/p>\n<p>20- CSP &ndash; Conlutas e Assembleia Nacional dos Estudantes &ndash; Livre (ANEL)<\/p>\n<p>21- M&aacute;rcio Castro<\/p>\n<p>22- Ricardo Alvarez &#8211; professor<\/p>\n<p>23 &ndash; Michel P.<\/p>\n<p>24 &ndash; Alexandre Silva<\/p>\n<p>25 &#8211; Movimento Mulheres em Luta ABCDMRR<\/p>\n<p>26 -Centro Acad&ecirc;mico de Servi&ccedil;os Sociais da Unesp de Franca<\/p>\n<p>&nbsp;<\/p>\n<p>&nbsp;<\/p>\n<\/div>\n<p>&nbsp;<\/p>\n","protected":false},"author":3,"featured_media":968,"comment_status":"closed","ping_status":"closed","sticky":false,"template":"","format":"standard","meta":{"footnotes":""},"categories":[3],"tags":[],"_links":{"self":[{"href":"https:\/\/www.espacosocialista.org\/portal\/wp-json\/wp\/v2\/posts\/373"}],"collection":[{"href":"https:\/\/www.espacosocialista.org\/portal\/wp-json\/wp\/v2\/posts"}],"about":[{"href":"https:\/\/www.espacosocialista.org\/portal\/wp-json\/wp\/v2\/types\/post"}],"author":[{"embeddable":true,"href":"https:\/\/www.espacosocialista.org\/portal\/wp-json\/wp\/v2\/users\/3"}],"replies":[{"embeddable":true,"href":"https:\/\/www.espacosocialista.org\/portal\/wp-json\/wp\/v2\/comments?post=373"}],"version-history":[{"count":9,"href":"https:\/\/www.espacosocialista.org\/portal\/wp-json\/wp\/v2\/posts\/373\/revisions"}],"predecessor-version":[{"id":2093,"href":"https:\/\/www.espacosocialista.org\/portal\/wp-json\/wp\/v2\/posts\/373\/revisions\/2093"}],"wp:featuredmedia":[{"embeddable":true,"href":"https:\/\/www.espacosocialista.org\/portal\/wp-json\/wp\/v2\/media\/968"}],"wp:attachment":[{"href":"https:\/\/www.espacosocialista.org\/portal\/wp-json\/wp\/v2\/media?parent=373"}],"wp:term":[{"taxonomy":"category","embeddable":true,"href":"https:\/\/www.espacosocialista.org\/portal\/wp-json\/wp\/v2\/categories?post=373"},{"taxonomy":"post_tag","embeddable":true,"href":"https:\/\/www.espacosocialista.org\/portal\/wp-json\/wp\/v2\/tags?post=373"}],"curies":[{"name":"wp","href":"https:\/\/api.w.org\/{rel}","templated":true}]}}