{"id":3744,"date":"2015-02-25T00:00:18","date_gmt":"2015-02-25T03:00:18","guid":{"rendered":"http:\/\/espacosocialista.org\/portal\/?p=3744"},"modified":"2015-02-25T00:05:51","modified_gmt":"2015-02-25T03:05:51","slug":"mocao-de-repudio-ao-medico-do-hospital-sao-bernardo-e-aos-que-compactuam-com-a-criminalizacao-do-aborto-pela-descriminalizacao-e-legalizacao-do-aborto-ja","status":"publish","type":"post","link":"https:\/\/www.espacosocialista.org\/portal\/2015\/02\/mocao-de-repudio-ao-medico-do-hospital-sao-bernardo-e-aos-que-compactuam-com-a-criminalizacao-do-aborto-pela-descriminalizacao-e-legalizacao-do-aborto-ja\/","title":{"rendered":"Mo\u00e7\u00e3o de Rep\u00fadio ao M\u00e9dico do Hospital S\u00e3o Bernardo e aos que compactuam com a criminaliza\u00e7\u00e3o do aborto! Pela descriminaliza\u00e7\u00e3o e legaliza\u00e7\u00e3o do aborto j\u00e1!"},"content":{"rendered":"<p style=\"text-align: justify;\"><a href=\"http:\/\/espacosocialista.org\/portal\/wp-content\/uploads\/2015\/02\/aborto-legal.jpg\"><img decoding=\"async\" loading=\"lazy\" class=\"aligncenter size-full wp-image-3747\" alt=\"aborto legal\" src=\"http:\/\/espacosocialista.org\/portal\/wp-content\/uploads\/2015\/02\/aborto-legal.jpg\" width=\"262\" height=\"193\" srcset=\"https:\/\/www.espacosocialista.org\/portal\/wp-content\/uploads\/2015\/02\/aborto-legal.jpg 262w, https:\/\/www.espacosocialista.org\/portal\/wp-content\/uploads\/2015\/02\/aborto-legal-80x60.jpg 80w\" sizes=\"(max-width: 262px) 100vw, 262px\" \/><\/a>N\u00e3o \u00e9 de hoje que nos deparamos com situa\u00e7\u00f5es humilhantes e de tentativas de reafirma\u00e7\u00e3o de poder das diversas esferas da organiza\u00e7\u00e3o social sobre o corpo da mulher. S\u00e3o familiares, escola, namorado, igreja, Estado e, cada vez mais, setores ligados \u00e0 sa\u00fade e a vida.<\/p>\n<p style=\"text-align: justify;\">No entanto, essas situa\u00e7\u00f5es t\u00eam se tornado mais intensas e vis\u00edveis. Podemos buscar diversas explica\u00e7\u00f5es, mas compreendemos que expressam a necessidade de o sistema capitalista patriarcal impor, ainda mais, a subordina\u00e7\u00e3o da mulher em per\u00edodos de crise econ\u00f4mica em que punir, reprimir e calar s\u00e3o condi\u00e7\u00f5es indispens\u00e1veis para garantir a retirada de direitos, o retorno da mulher ao espa\u00e7o privado, a repress\u00e3o da sexualidade e a priva\u00e7\u00e3o ao princ\u00edpio da dignidade da pessoa humana.<\/p>\n<p style=\"text-align: justify;\">Contudo, a criminaliza\u00e7\u00e3o do aborto tem sido algo que afeta a mulher em todos esses aspectos. Retira da mulher o direito de decidir colocando-a em posi\u00e7\u00e3o desigual; obriga a mulher a assumir a maternidade e arcar com todas as consequ\u00eancias de forma individualizada; refor\u00e7a a procria\u00e7\u00e3o e n\u00e3o o prazer como elemento b\u00e1sico da sexualidade; coloca a mulher em situa\u00e7\u00e3o degradante e desumana ao n\u00e3o propiciar condi\u00e7\u00f5es m\u00ednimas de sa\u00fade e obrig\u00e1-la a recorrer \u00e0 clandestinidade para fazer aborto e n\u00e3o \u00e0s condi\u00e7\u00f5es necess\u00e1rias para sua pr\u00f3pria exist\u00eancia.<\/p>\n<p style=\"text-align: justify;\">Ainda assim, a mulher tem tomado a decis\u00e3o de indu\u00e7\u00e3o ao aborto. S\u00e3o estimados 850.000 casos de abortos induzidos por ano no Brasil, segundo pesquisa de 2013 (realizada pela UERJ e a ONG A\u00e7\u00f5es afirmativas em Direitos e Sa\u00fade).<\/p>\n<p style=\"text-align: justify;\">Os n\u00fameros indicam que a criminaliza\u00e7\u00e3o do aborto n\u00e3o impede a sua realiza\u00e7\u00e3o, mas refor\u00e7a a crueldade da sociedade patriarcal, alimenta a rede de cl\u00ednicas clandestinas que corrompe e sustenta uma infinidade de intermedi\u00e1rios de todos os tipos e coloca em risco a sa\u00fade e a vida de milhares de mulheres. Al\u00e9m disso, ao punir somente a mulher e ignorar a exist\u00eancia de um homem nessa rela\u00e7\u00e3o fortalece uma irresponsabilidade masculina e o crime de abandono de incapaz.<\/p>\n<p style=\"text-align: justify;\">Tornar o aborto uma quest\u00e3o de sa\u00fade p\u00fablica n\u00e3o \u00e9 assumi-lo como m\u00e9todo contraceptivo. \u00c9 garantir o direito e a vida da mulher, a preven\u00e7\u00e3o, a Educa\u00e7\u00e3o Sexual e a certeza de que n\u00e3o iremos mais nos deparar com m\u00e9dicos como o cl\u00ednico geral e pediatra do Hospital S\u00e3o Bernardo, no ABC paulista, que abandona o segredo m\u00e9dico para assumir a repress\u00e3o m\u00e9dica, compactuando com a conduta extremista conservadora que imp\u00f5e a puni\u00e7\u00e3o e a repress\u00e3o como formas paliativas de amenizar os graves problemas sociais.<\/p>\n<p style=\"text-align: justify;\">O fato de uma jovem de 19 anos que ap\u00f3s ser interrogada, amea\u00e7ada e denunciada por esse m\u00e9dico ao procurar ajuda, recebeu voz de pris\u00e3o, foi xingada e algemada nesse hospital durante atendimento demonstra o quanto a mulher \u00e9 obrigada a arca sozinha com problemas da sociedade machista.<\/p>\n<p style=\"text-align: justify;\">Repudiamos a conduta desse senhor e exigimos que o Conselho Regional de Medicina de S\u00e3o Paulo respeite a Norma do Minist\u00e9rio da Sa\u00fade que orienta a confidencialidade e o atendimento humanizado em caso de aborto.<\/p>\n<p style=\"text-align: justify;\">Repudiamos tamb\u00e9m: O Hospital S\u00e3o Bernardo em n\u00e3o se manifestar diante de grave situa\u00e7\u00e3o e manter em seu quadro de funcion\u00e1rios tal profissional; o Prefeito da cidade, Luiz Marinho, PT, por calar-se e n\u00e3o adotar nenhuma medida contra o hospital e de apoio \u00e0 jovem; o governador Geraldo Alckmin, PSDB, por manter-se paralisado diante da a\u00e7\u00e3o de abuso de poder da Pol\u00edcia Militar e n\u00e3o adotar medidas de pol\u00edticas p\u00fablicas em defesa da vida da mulher; a presidente Dilma por silenciar diante de situa\u00e7\u00e3o em que a mulher em condi\u00e7\u00e3o vulner\u00e1vel \u00e9 destratada, amea\u00e7ada e humilhada enquanto que as verbas para pol\u00edticas p\u00fablicas contra a viol\u00eancia \u00e0 mulher s\u00e3o drasticamente cortadas.<\/p>\n<p style=\"text-align: justify;\">Somos solid\u00e1rias a essa jovem mulher e a tantas outras que em nome de garantir o direito de decidir sobre o seu pr\u00f3prio corpo resistem a todas essas imposi\u00e7\u00f5es e buscam, mesmo em condi\u00e7\u00f5es prec\u00e1rias, manterem suas vidas negando a hipocrisia dessa sociedade que finge n\u00e3o ver uma situa\u00e7\u00e3o ca\u00f3tica que afeta a sa\u00fade e a vida de milhares de mulheres para manter uma realidade em que \u00e0 maioria das crian\u00e7as \u00e9 negado as mais b\u00e1sicas condi\u00e7\u00f5es de vida digna.<\/p>\n<p style=\"text-align: justify;\">Lutamos pela descriminaliza\u00e7\u00e3o e legaliza\u00e7\u00e3o do aborto para preservar a vida da mulher!<\/p>\n<p style=\"text-align: justify;\">Assinam:<\/p>\n<p style=\"text-align: justify;\">Centro Acad\u00eamico Honestino Guimar\u00e3es<\/p>\n<p style=\"text-align: justify;\">Espa\u00e7o Socialista<\/p>\n<p style=\"text-align: justify;\">Sindicato dos Trabalhados da Universidade Federal do ABC<\/p>\n<p style=\"text-align: justify;\">Subsede APEOESP Santo Andr\u00e9<\/p>\n","protected":false},"excerpt":{"rendered":"<p>N\u00e3o \u00e9 de hoje que nos deparamos com situa\u00e7\u00f5es humilhantes e de tentativas de reafirma\u00e7\u00e3o de poder das diversas esferas<\/p>\n","protected":false},"author":3,"featured_media":3747,"comment_status":"closed","ping_status":"closed","sticky":true,"template":"","format":"standard","meta":{"footnotes":""},"categories":[14],"tags":[],"_links":{"self":[{"href":"https:\/\/www.espacosocialista.org\/portal\/wp-json\/wp\/v2\/posts\/3744"}],"collection":[{"href":"https:\/\/www.espacosocialista.org\/portal\/wp-json\/wp\/v2\/posts"}],"about":[{"href":"https:\/\/www.espacosocialista.org\/portal\/wp-json\/wp\/v2\/types\/post"}],"author":[{"embeddable":true,"href":"https:\/\/www.espacosocialista.org\/portal\/wp-json\/wp\/v2\/users\/3"}],"replies":[{"embeddable":true,"href":"https:\/\/www.espacosocialista.org\/portal\/wp-json\/wp\/v2\/comments?post=3744"}],"version-history":[{"count":3,"href":"https:\/\/www.espacosocialista.org\/portal\/wp-json\/wp\/v2\/posts\/3744\/revisions"}],"predecessor-version":[{"id":3746,"href":"https:\/\/www.espacosocialista.org\/portal\/wp-json\/wp\/v2\/posts\/3744\/revisions\/3746"}],"wp:featuredmedia":[{"embeddable":true,"href":"https:\/\/www.espacosocialista.org\/portal\/wp-json\/wp\/v2\/media\/3747"}],"wp:attachment":[{"href":"https:\/\/www.espacosocialista.org\/portal\/wp-json\/wp\/v2\/media?parent=3744"}],"wp:term":[{"taxonomy":"category","embeddable":true,"href":"https:\/\/www.espacosocialista.org\/portal\/wp-json\/wp\/v2\/categories?post=3744"},{"taxonomy":"post_tag","embeddable":true,"href":"https:\/\/www.espacosocialista.org\/portal\/wp-json\/wp\/v2\/tags?post=3744"}],"curies":[{"name":"wp","href":"https:\/\/api.w.org\/{rel}","templated":true}]}}