{"id":3777,"date":"2015-03-10T23:59:13","date_gmt":"2015-03-11T02:59:13","guid":{"rendered":"http:\/\/espacosocialista.org\/portal\/?p=3777"},"modified":"2018-06-01T16:10:28","modified_gmt":"2018-06-01T19:10:28","slug":"jornal-76-recessao-enfrentar-lutando","status":"publish","type":"post","link":"https:\/\/www.espacosocialista.org\/portal\/2015\/03\/jornal-76-recessao-enfrentar-lutando\/","title":{"rendered":"Jornal 76: Recess\u00e3o: enfrentar lutando"},"content":{"rendered":"<p><center><br \/>\n<a href=\"http:\/\/espacosocialista.org\/portal\/wp-content\/uploads\/2015\/03\/Jornal-76.pdf\"><img decoding=\"async\" loading=\"lazy\" class=\"alignnone size-medium wp-image-3779\" style=\"border: 2px solid black;\" src=\"http:\/\/espacosocialista.org\/portal\/wp-content\/uploads\/2015\/03\/jornal-76-capa-211x300.jpg\" alt=\"jornal-76-capa\" width=\"211\" height=\"300\" srcset=\"https:\/\/www.espacosocialista.org\/portal\/wp-content\/uploads\/2015\/03\/jornal-76-capa-211x300.jpg 211w, https:\/\/www.espacosocialista.org\/portal\/wp-content\/uploads\/2015\/03\/jornal-76-capa.jpg 248w\" sizes=\"(max-width: 211px) 100vw, 211px\" \/><\/a><\/center><center>Clique aqui para baixar o PDF.<\/center><\/p>\n<ul>\n<li style=\"text-align: left;\"><a title=\"Jornal 76: Pescadores do Jaragu\u00e1 a poucos dias de serem despejados\" href=\"\/portal\/?p=3767\">Jornal 76: Pescadores do Jaragu\u00e1 a poucos dias de serem despejados<\/a><\/li>\n<li style=\"text-align: left;\"><a title=\"Jornal 76: O endurecimento das leis penais s\u00f3 interessa aos capitalistas\" href=\"\/portal\/?p=3769\">Jornal 76: O endurecimento das leis penais s\u00f3 interessa aos capitalistas<\/a><\/li>\n<li style=\"text-align: left;\"><a title=\"Jornal 76: Gr\u00e9cia, Espanha e a luta por uma alternativa socialista\" href=\"\/portal\/?p=3765\">Jornal 76: Gr\u00e9cia, Espanha e a luta por uma alternativa socialista<\/a><\/li>\n<li style=\"text-align: left;\"><a title=\"Jornal 76: Enfrentar Lutando o Governo Dilma e a Onda Reacion\u00e1ria do Impeachment!\" href=\"..\/?p=3775\">Jornal 76: Enfrentar Lutando o Governo Dilma e a Onda Reacion\u00e1ria do Impeachment!<\/a><\/li>\n<li style=\"text-align: left;\"><a title=\"Jornal 76: Descriminalizar e legalizar o aborto, uma luta de mulheres e homens\" href=\"\/portal\/?p=3774\">Jornal 76: Descriminalizar e legalizar o aborto, uma luta de mulheres e homens<\/a><\/li>\n<li style=\"text-align: left;\"><a title=\"Jornal 76: Ajuste fiscal: efeitos na educa\u00e7\u00e3o p\u00fablica e na profiss\u00e3o docente\" href=\"\/portal\/?p=3771\">Jornal 76: Ajuste fiscal: efeitos na educa\u00e7\u00e3o p\u00fablica e na profiss\u00e3o docente<\/a><\/li>\n<\/ul>\n<p>&nbsp;<\/p>\n","protected":false},"excerpt":{"rendered":"<p>Clique aqui para baixar o PDF. Jornal 76: Pescadores do Jaragu\u00e1 a poucos dias de serem despejados Jornal 76: O<\/p>\n","protected":false},"author":3,"featured_media":3779,"comment_status":"closed","ping_status":"closed","sticky":false,"template":"","format":"standard","meta":{"footnotes":""},"categories":[6],"tags":[99],"_links":{"self":[{"href":"https:\/\/www.espacosocialista.org\/portal\/wp-json\/wp\/v2\/posts\/3777"}],"collection":[{"href":"https:\/\/www.espacosocialista.org\/portal\/wp-json\/wp\/v2\/posts"}],"about":[{"href":"https:\/\/www.espacosocialista.org\/portal\/wp-json\/wp\/v2\/types\/post"}],"author":[{"embeddable":true,"href":"https:\/\/www.espacosocialista.org\/portal\/wp-json\/wp\/v2\/users\/3"}],"replies":[{"embeddable":true,"href":"https:\/\/www.espacosocialista.org\/portal\/wp-json\/wp\/v2\/comments?post=3777"}],"version-history":[{"count":5,"href":"https:\/\/www.espacosocialista.org\/portal\/wp-json\/wp\/v2\/posts\/3777\/revisions"}],"predecessor-version":[{"id":6532,"href":"https:\/\/www.espacosocialista.org\/portal\/wp-json\/wp\/v2\/posts\/3777\/revisions\/6532"}],"wp:featuredmedia":[{"embeddable":true,"href":"https:\/\/www.espacosocialista.org\/portal\/wp-json\/wp\/v2\/media\/3779"}],"wp:attachment":[{"href":"https:\/\/www.espacosocialista.org\/portal\/wp-json\/wp\/v2\/media?parent=3777"}],"wp:term":[{"taxonomy":"category","embeddable":true,"href":"https:\/\/www.espacosocialista.org\/portal\/wp-json\/wp\/v2\/categories?post=3777"},{"taxonomy":"post_tag","embeddable":true,"href":"https:\/\/www.espacosocialista.org\/portal\/wp-json\/wp\/v2\/tags?post=3777"}],"curies":[{"name":"wp","href":"https:\/\/api.w.org\/{rel}","templated":true}]}}