{"id":4311,"date":"2015-12-06T22:33:59","date_gmt":"2015-12-07T00:33:59","guid":{"rendered":"http:\/\/espacosocialista.org\/portal\/?p=4311"},"modified":"2015-12-06T22:35:15","modified_gmt":"2015-12-07T00:35:15","slug":"jornal-85-alta-da-inflacao-e-escalada-das-demissoes-ameacam-a-nossa-classe","status":"publish","type":"post","link":"https:\/\/www.espacosocialista.org\/portal\/2015\/12\/jornal-85-alta-da-inflacao-e-escalada-das-demissoes-ameacam-a-nossa-classe\/","title":{"rendered":"Jornal 85: Alta da infla\u00e7\u00e3o e escalada das demiss\u00f5es amea\u00e7am a nossa classe"},"content":{"rendered":"<p lang=\"pt-BR\">Assistimos diariamente aos representantes dos patr\u00f5es (PT, PSDB, PMDB, DEM) se engalfinham na pol\u00edtica, com novas den\u00fancias de corrup\u00e7\u00e3o. As amea\u00e7as de cassa\u00e7\u00e3o de mandatos chegam at\u00e9 a se tornar banais e n\u00e3o sobra um sequer que possa ser defendido. Ma<a href=\"http:\/\/espacosocialista.org\/portal\/wp-content\/uploads\/2015\/12\/1.jpg\"><img decoding=\"async\" loading=\"lazy\" class=\"size-medium wp-image-4312 alignright\" alt=\"1\" src=\"http:\/\/espacosocialista.org\/portal\/wp-content\/uploads\/2015\/12\/1-300x101.jpg\" width=\"300\" height=\"101\" srcset=\"https:\/\/www.espacosocialista.org\/portal\/wp-content\/uploads\/2015\/12\/1-300x101.jpg 300w, https:\/\/www.espacosocialista.org\/portal\/wp-content\/uploads\/2015\/12\/1-1024x346.jpg 1024w, https:\/\/www.espacosocialista.org\/portal\/wp-content\/uploads\/2015\/12\/1.jpg 1600w\" sizes=\"(max-width: 300px) 100vw, 300px\" \/><\/a>s nos bastidores \u00e9 poss\u00edvel ver que independente do partido a que respondem seguem em unidade permanente atacando nossos direitos. Ap\u00f3s passar o fac\u00e3o na sa\u00fade e na educa\u00e7\u00e3o, o \u00faltimo corte anunciado foi na \u00e1rea social, de R$ 25 bi, j\u00e1 previsto no or\u00e7amento de 2016, afetando o Pronatec, o Proinf\u00e2ncia e o programa de constru\u00e7\u00e3o de cisternas do governo. A crise econ\u00f4mica se aprofunda e n\u00f3s trabalhadores sofremos com a eterna amea\u00e7a de pagar a fatura de uma crise que n\u00e3o \u00e9 nossa.<\/p>\n<p lang=\"pt-BR\">Enquanto precis\u00e1vamos de um programa dos trabalhadores, os governos seguem um programa dos patr\u00f5es, que tem sua express\u00e3o material na Agenda Brasil, grande acordo fechado entre os diversos setores do governo, e tem sua caricatura ideol\u00f3gica no atual Congresso e em suas medidas conservadoras e retr\u00f3gradas. Esse processo de disputas pol\u00edticas que a primeira vista parece contradit\u00f3rio nada mais \u00e9 portanto do que a express\u00e3o de duas faces de uma mesma moeda. Basta observar que mesmo com uma roupagem de \u201cesquerda\u201d, os setores menos conservadores como o PT aplicam tamb\u00e9m a agenda dos patr\u00f5es e n\u00e3o encampam uma luta real contra as investidas conservadoras dos demais setores. No fim, o programa burgu\u00eas acaba prevalecendo sob um programa dos trabalhadores.<\/p>\n<p lang=\"pt-BR\">Um dos maiores reflexos de que nossos interesses s\u00e3o opostos aos dos patr\u00f5es e de seus partidos \u00e9 a escalada das demiss\u00f5es. Para garantir seus lucros milhares de trabalhadores t\u00eam sido jogados nas ruas. Segundo a pr\u00f3pria FIESP, 31mil trabalhadores da ind\u00fastria paulistana j\u00e1 foram demitidos desde o in\u00edcio do ano. A Fenabrave divulgou que somente no setor de concessionarias de ve\u00edculos se acumularam at\u00e9 a primeira quizena de novembro 26 mil trabalhadores demitidos. No geral, a popula\u00e7\u00e3o desocupada est\u00e1 estimada em 1,9 milh\u00e3o e cresceu 56,6% em rela\u00e7\u00e3o a 2014 (dados de setembro), representando mais 670 mil em busca de trabalho, segundo dados do IBGE.<\/p>\n<p lang=\"pt-BR\">Os trabalhadores da principal obra do Complexo Petroqu\u00edmico do Rio de Janeiro (Comperj) j\u00e1 enfrentam uma longa temporada de demiss\u00f5es em crescente, que se agravou em janeiro de 2015, com milhares de demitidos e com o atraso no pagamento dos sal\u00e1rios, que motivaram a constru\u00e7\u00e3o de uma forte greve no in\u00edcio do ano, duramente reprimida e retaliada inclusive com a demiss\u00e3o de grevistas. A esse cen\u00e1rio de oportunismo da patronal frente a crise se soma o calote dos patr\u00f5es. A Alumini, que empregava trabalhadores do complexo, por exemplo, s\u00f3 come\u00e7ou o pagamento dos trabalhadores demitidos agora em outubro e ser\u00e1 feito em parcelas.<\/p>\n<p lang=\"pt-BR\">Na ind\u00fastria, somente em outubro, a Ford, no Polo Industrial de Cama\u00e7ari(BA) anunciou a demiss\u00e3o de 1400 trabalhadores. A metal\u00fargica Usiminas desativou parte de sua usina de Cubat\u00e3o (SP) e anuncia cerca de 4000 demiss\u00f5es nos pr\u00f3ximos 3 meses. Multinacionais tamb\u00e9m anunciam cortes que impactar\u00e3o em suas plantas no Brasil, como a Microsoft, a 3M. A Confedera\u00e7\u00e3o Nacional do Com\u00e9rcio de Bens, Servi\u00e7o e Turismo (CNC) estima o fechamento de 181, 3 mil postos de trabalho com carteira assinada neste ano. A Santa Casa de S\u00e3o Paulo iniciou a demiss\u00e3o de 1397 funcion\u00e1rios, que impactar\u00e1 tamb\u00e9m em um maior d\u00e9ficit de um atendimento de sa\u00fade do qual dependiam os trabalhadores da regi\u00e3o para cobrir os buracos do parco Sistema \u00danico de Sa\u00fade (SUS).<\/p>\n<p lang=\"pt-BR\">A alternativa \u00e0s demiss\u00f5es oferecida pelos movimentos governistas (com destaque para a CUT e a For\u00e7a Sindical) \u00e9 chamar de vit\u00f3ria chamado Plano de Prote\u00e7\u00e3o ao Emprego (PPE), um plano de prote\u00e7\u00e3o aos patr\u00f5es, que permite que reduzam nossa jornada e sal\u00e1rio em at\u00e9 30% e mete as m\u00e3os no Fundo de Amparo ao Trabalhador (FAT) para beneficiar as empresas. O PPE foi largamente implementado nos \u00faltimos meses em v\u00e1rios locais de trabalho com a ajuda das centrais sindicais pelegas. Al\u00e9m disso, a medida tem sua consolida\u00e7\u00e3o legal agora no m\u00eas de Outubro com a aprova\u00e7\u00e3o de seu texto-base na c\u00e2mara dos deputados.<\/p>\n<h2 lang=\"pt-BR\">Condi\u00e7\u00f5es de vida rebaixadas, lucro garantido<\/h2>\n<p lang=\"pt-BR\">Infelizmente a crise mal come\u00e7ou. Os economistas dos patr\u00f5es pensam a realidade em n\u00fameros e est\u00e3o preocupados com a redu\u00e7\u00e3o do consumo e o aumento da inadimpl\u00eancia. Mas os trabalhadores s\u00e3o seres humanos e est\u00e3o sofrendo com o rebaixamento das suas condi\u00e7\u00f5es de vida e trabalho.<\/p>\n<p lang=\"pt-BR\">Pela primeira vez os economistas a servi\u00e7o dos patr\u00f5es preveem que a infla\u00e7\u00e3o (IPCA) ir\u00e1 superar este ano os 10% (Relat\u00f3rio de mercado Focus, BACEN), o que representaria a maior infla\u00e7\u00e3o nos \u00faltimos 13 anos. O aumento dos pre\u00e7os est\u00e1 sob controle do empresariado, mas afeta diretamente a classe trabalhadora e os setores mais pauperizados sofrem com a alta dos pre\u00e7os dos alimentos e itens de necessidades b\u00e1sicas. \u00c9 urgente o congelamento dos pre\u00e7os e que os trabalhadores tenham acesso ao que produzem.<\/p>\n<p lang=\"pt-BR\">As demiss\u00f5es abrem espa\u00e7o para mais uma onda das chamadas reestrutura\u00e7\u00f5es no campo do trabalho, com novas contrata\u00e7\u00f5es por sal\u00e1rios mais baixos e a intensifica\u00e7\u00e3o da terceiriza\u00e7\u00e3o. As demiss\u00f5es este ano s\u00e3o imensur\u00e1veis. Soma-se a isso a l\u00f3gica do arrocho salarial, que se agrava. At\u00e9 agosto, foram 111 acordos coletivos assinados com redu\u00e7\u00e3o nominal de sal\u00e1rios. As categorias que conseguiram melhores acordos conseguiram no m\u00e1ximo repor a infla\u00e7\u00e3o, j\u00e1 defasada e grandes categorias nacionais tiveram reajustes abaixo da infla\u00e7\u00e3o. N\u00e3o podemos assistir nossas vidas serem corro\u00eddas pelos interesses dos patr\u00f5es.<\/p>\n<h2 lang=\"pt-BR\">Por uma organiza\u00e7\u00e3o permanente dos explorados contra o ajuste!<\/h2>\n<p lang=\"pt-BR\">As dire\u00e7\u00f5es sindicais e dos movimentos populares s\u00e3o majoritariamente controlados pelos governos por meio do PT. Em vez de lutar contra o ajuste fiscal t\u00eam auxiliado sua implementa\u00e7\u00e3o, freando as lutas. Os trabalhadores fizeram sua experi\u00eancia com o PT. O importante agora \u00e9 entender que j\u00e1 n\u00e3o se trata mais de denunciar uma trai\u00e7\u00e3o, mas de reconhecer que h\u00e1 muito tempo j\u00e1 est\u00e3o do outro lado e de nenhuma ilus\u00e3o neles nutrir. Entender o papel de concilia\u00e7\u00e3o de classes que a burocracia petista cumpre no pa\u00eds \u00e9 o ponto de partida para o movimento dos trabalhadores superar o est\u00e1gio de depend\u00eancia dessa velha burocracia e se desatrelar de vez dos setores estranhos \u00e0 classe trabalhadora.<\/p>\n<p lang=\"pt-BR\">Ser\u00e1 preciso que os trabalhadores se organizem permanentemente e reajam de forma intransigente contra cada ataque dos patr\u00f5es e seus governos, contra cada setor oportunista que se colocar a frente dos nossos interesses. As promessas de reformar o capitalismo n\u00e3o t\u00eam mais espa\u00e7o e se provaram meras ilus\u00f5es. Cada vez mais \u00e9 preciso entender que uma sociedade voltada para os interesses humanos n\u00e3o pode ser constru\u00edda dentro de um sistema que prioriza o lucro. Somente a organiza\u00e7\u00e3o e luta permanente e independente dos trabalhadores pode construir uma sociedade sem nenhuma forma de explora\u00e7\u00e3o e opress\u00e3o. Levantemos bem alto a bandeira do socialismo ou nos restar\u00e1 apenas a barb\u00e1rie!<\/p>\n<h2 lang=\"pt-BR\">Contra a infla\u00e7\u00e3o:<\/h2>\n<ul>\n<li>Reajuste autom\u00e1tico dos sal\u00e1rios mensalmente acompanhando a infla\u00e7\u00e3o!<\/li>\n<li>Sal\u00e1rio m\u00ednimo do Dieese!<\/li>\n<\/ul>\n<h2 lang=\"pt-BR\">Contra as demiss\u00f5es:<\/h2>\n<ul>\n<li>Redu\u00e7\u00e3o da jornada de trabalho sem redu\u00e7\u00e3o dos sal\u00e1rios, emprego para todos!<\/li>\n<li>Estatiza\u00e7\u00e3o sob controle dos trabalhadores das empresas que demitirem em massa, amea\u00e7arem fechar ou se mudar!<\/li>\n<li>Fim da terceiriza\u00e7\u00e3o! Efetiva\u00e7\u00e3o de todos os tempor\u00e1rios com os mesmos direitos!<\/li>\n<li>Formar comit\u00eas populares em defesa do emprego!<\/li>\n<\/ul>\n","protected":false},"excerpt":{"rendered":"<p>Assistimos diariamente aos representantes dos patr\u00f5es (PT, PSDB, PMDB, DEM) se engalfinham na pol\u00edtica, com novas den\u00fancias de corrup\u00e7\u00e3o. As<\/p>\n","protected":false},"author":3,"featured_media":4312,"comment_status":"closed","ping_status":"closed","sticky":false,"template":"","format":"standard","meta":{"footnotes":""},"categories":[6],"tags":[],"_links":{"self":[{"href":"https:\/\/www.espacosocialista.org\/portal\/wp-json\/wp\/v2\/posts\/4311"}],"collection":[{"href":"https:\/\/www.espacosocialista.org\/portal\/wp-json\/wp\/v2\/posts"}],"about":[{"href":"https:\/\/www.espacosocialista.org\/portal\/wp-json\/wp\/v2\/types\/post"}],"author":[{"embeddable":true,"href":"https:\/\/www.espacosocialista.org\/portal\/wp-json\/wp\/v2\/users\/3"}],"replies":[{"embeddable":true,"href":"https:\/\/www.espacosocialista.org\/portal\/wp-json\/wp\/v2\/comments?post=4311"}],"version-history":[{"count":3,"href":"https:\/\/www.espacosocialista.org\/portal\/wp-json\/wp\/v2\/posts\/4311\/revisions"}],"predecessor-version":[{"id":4315,"href":"https:\/\/www.espacosocialista.org\/portal\/wp-json\/wp\/v2\/posts\/4311\/revisions\/4315"}],"wp:featuredmedia":[{"embeddable":true,"href":"https:\/\/www.espacosocialista.org\/portal\/wp-json\/wp\/v2\/media\/4312"}],"wp:attachment":[{"href":"https:\/\/www.espacosocialista.org\/portal\/wp-json\/wp\/v2\/media?parent=4311"}],"wp:term":[{"taxonomy":"category","embeddable":true,"href":"https:\/\/www.espacosocialista.org\/portal\/wp-json\/wp\/v2\/categories?post=4311"},{"taxonomy":"post_tag","embeddable":true,"href":"https:\/\/www.espacosocialista.org\/portal\/wp-json\/wp\/v2\/tags?post=4311"}],"curies":[{"name":"wp","href":"https:\/\/api.w.org\/{rel}","templated":true}]}}