{"id":4334,"date":"2015-12-06T22:59:28","date_gmt":"2015-12-07T00:59:28","guid":{"rendered":"http:\/\/espacosocialista.org\/portal\/?p=4334"},"modified":"2018-06-01T16:10:06","modified_gmt":"2018-06-01T19:10:06","slug":"jornal-85-dezembro-de-2015","status":"publish","type":"post","link":"https:\/\/www.espacosocialista.org\/portal\/2015\/12\/jornal-85-dezembro-de-2015\/","title":{"rendered":"Jornal 85: Dezembro de 2015"},"content":{"rendered":"<p align=\"center\"><a href=\"http:\/\/espacosocialista.org\/portal\/wp-content\/uploads\/2015\/12\/jornal-85.pdf\"> <img decoding=\"async\" src=\"http:\/\/espacosocialista.org\/portal\/wp-content\/uploads\/2015\/12\/jornal-85-capa.png\" alt=\"\" \/><\/a><\/p>\n<p align=\"center\"><a href=\"http:\/\/espacosocialista.org\/portal\/wp-content\/uploads\/2015\/12\/jornal-85.pdf\"> Clique aqui para baixar o PDF<\/a><\/p>\n<h2>Mat\u00e9rias dessa edi\u00e7\u00e3o:<\/h2>\n<ul>\n<li><a title=\"Jornal 85: Alta da infla\u00e7\u00e3o e escalada das demiss\u00f5es amea\u00e7am a nossa classe\" href=\"http:\/\/espacosocialista.org\/portal\/?p=4311\">Jornal 85: Alta da infla\u00e7\u00e3o e escalada das demiss\u00f5es amea\u00e7am a nossa classe<\/a><\/li>\n<li><a title=\"Jornal 85: Greve dos petroleiros: a disposi\u00e7\u00e3o de luta e a trai\u00e7\u00e3o da FUP\" href=\"http:\/\/espacosocialista.org\/portal\/?p=4314\">Jornal 85: Greve dos petroleiros: a disposi\u00e7\u00e3o de luta e a trai\u00e7\u00e3o da FUP<\/a><\/li>\n<li><a title=\"Jornal 85: A assim dita \" href=\"http:\/\/espacosocialista.org\/portal\/?p=4318\">Jornal 85: A assim dita \u201cclasse m\u00e9dia\u201d<\/a><\/li>\n<li><a title=\"Jornal 85: Viol\u00eancia contra a mulher: formas de enfrentamento e politiza\u00e7\u00e3o\" href=\"http:\/\/espacosocialista.org\/portal\/?p=4322\">Jornal 85: Viol\u00eancia contra a mulher: formas de enfrentamento e politiza\u00e7\u00e3o<\/a><\/li>\n<li><a title=\"Jornal 85: A Reorganiza\u00e7\u00e3o Escolar \u2013 \u201cQue eu me organizando posso desorganizar\u201d\" href=\"http:\/\/espacosocialista.org\/portal\/?p=4326\">Jornal 85: A Reorganiza\u00e7\u00e3o Escolar \u2013 \u201cQue eu me organizando posso desorganizar\u201d<\/a><\/li>\n<li><a title=\"Jornal 85: Chavismo, bolivarianismo, nacionalismo burgu\u00eas: n\u00e3o s\u00e3o socialistas\" href=\"http:\/\/espacosocialista.org\/portal\/?p=4330\">Jornal 85: Chavismo, bolivarianismo, nacionalismo burgu\u00eas: n\u00e3o s\u00e3o socialistas<\/a><\/li>\n<\/ul>\n","protected":false},"excerpt":{"rendered":"<p>Clique aqui para baixar o PDF Mat\u00e9rias dessa edi\u00e7\u00e3o: Jornal 85: Alta da infla\u00e7\u00e3o e escalada das demiss\u00f5es amea\u00e7am a<\/p>\n","protected":false},"author":3,"featured_media":4336,"comment_status":"closed","ping_status":"closed","sticky":false,"template":"","format":"standard","meta":{"footnotes":""},"categories":[6],"tags":[99],"_links":{"self":[{"href":"https:\/\/www.espacosocialista.org\/portal\/wp-json\/wp\/v2\/posts\/4334"}],"collection":[{"href":"https:\/\/www.espacosocialista.org\/portal\/wp-json\/wp\/v2\/posts"}],"about":[{"href":"https:\/\/www.espacosocialista.org\/portal\/wp-json\/wp\/v2\/types\/post"}],"author":[{"embeddable":true,"href":"https:\/\/www.espacosocialista.org\/portal\/wp-json\/wp\/v2\/users\/3"}],"replies":[{"embeddable":true,"href":"https:\/\/www.espacosocialista.org\/portal\/wp-json\/wp\/v2\/comments?post=4334"}],"version-history":[{"count":6,"href":"https:\/\/www.espacosocialista.org\/portal\/wp-json\/wp\/v2\/posts\/4334\/revisions"}],"predecessor-version":[{"id":6516,"href":"https:\/\/www.espacosocialista.org\/portal\/wp-json\/wp\/v2\/posts\/4334\/revisions\/6516"}],"wp:featuredmedia":[{"embeddable":true,"href":"https:\/\/www.espacosocialista.org\/portal\/wp-json\/wp\/v2\/media\/4336"}],"wp:attachment":[{"href":"https:\/\/www.espacosocialista.org\/portal\/wp-json\/wp\/v2\/media?parent=4334"}],"wp:term":[{"taxonomy":"category","embeddable":true,"href":"https:\/\/www.espacosocialista.org\/portal\/wp-json\/wp\/v2\/categories?post=4334"},{"taxonomy":"post_tag","embeddable":true,"href":"https:\/\/www.espacosocialista.org\/portal\/wp-json\/wp\/v2\/tags?post=4334"}],"curies":[{"name":"wp","href":"https:\/\/api.w.org\/{rel}","templated":true}]}}