{"id":4342,"date":"2015-12-11T23:00:35","date_gmt":"2015-12-12T01:00:35","guid":{"rendered":"http:\/\/espacosocialista.org\/portal\/?p=4342"},"modified":"2015-12-11T23:00:35","modified_gmt":"2015-12-12T01:00:35","slug":"lutas-em-santa-catarina-contra-a-crise-uma-saida-anticapitalista","status":"publish","type":"post","link":"https:\/\/www.espacosocialista.org\/portal\/2015\/12\/lutas-em-santa-catarina-contra-a-crise-uma-saida-anticapitalista\/","title":{"rendered":"Lutas em Santa Catarina: Contra a crise, uma sa\u00edda anticapitalista!"},"content":{"rendered":"<style type=\"text\/css\"><!--\np { margin-bottom: 0.1in; direction: ltr; color: rgb(0, 0, 0); line-height: 120%; orphans: 2; widows: 2; }p.western { font-family: \"Calibri\",sans-serif; font-size: 11pt; }p.cjk { font-family: \"Calibri\",sans-serif; font-size: 11pt; }p.ctl { font-family: \"Calibri\",sans-serif; font-size: 11pt; }\n--><\/style>\n<p lang=\"pt-BR\">N\u00e3o h\u00e1 fronteiras para a escalada da classe dominante e os ataques aos trabalhadores e trabalhadoras est\u00e3o pulverizados pelos quatro cantos do mundo e no Brasil isso n\u00e3o \u00e9 diferente. Para fazer frente \u00e0 crise estrutural, o capitalismo se reorganizou e conta com a atua\u00e7\u00e3o cada vez mais compromissada dos Estados Nacionais para fazer valer seus interesses.<\/p>\n<p lang=\"pt-BR\"><a href=\"http:\/\/espacosocialista.org\/portal\/wp-content\/uploads\/2015\/12\/sc.jpg\"><img decoding=\"async\" loading=\"lazy\" class=\"size-medium wp-image-4343 alignright\" alt=\"sc\" src=\"http:\/\/espacosocialista.org\/portal\/wp-content\/uploads\/2015\/12\/sc-300x198.jpg\" width=\"300\" height=\"198\" srcset=\"https:\/\/www.espacosocialista.org\/portal\/wp-content\/uploads\/2015\/12\/sc-300x198.jpg 300w, https:\/\/www.espacosocialista.org\/portal\/wp-content\/uploads\/2015\/12\/sc-150x100.jpg 150w, https:\/\/www.espacosocialista.org\/portal\/wp-content\/uploads\/2015\/12\/sc.jpg 960w\" sizes=\"(max-width: 300px) 100vw, 300px\" \/><\/a><\/p>\n<p lang=\"pt-BR\">No Brasil, o governo petista n\u00e3o economizou esfor\u00e7os para descarregar sobre as costas dos trabalhadores a conta desta crise e arrochou sal\u00e1rios, efetuou cortes or\u00e7ament\u00e1rios em setores sociais, subtraiu direitos e deslanchou com seus anseios privatistas, com a venda de ativos da Petrobr\u00e1s e o avan\u00e7o das organiza\u00e7\u00f5es sociais nas institui\u00e7\u00f5es de ensino e hospitais universit\u00e1rios. Tudo isso em favor da garantia de manuten\u00e7\u00e3o e\/ou retomada das taxas de lucro do capital financeiro, industrial e agroexportador.<\/p>\n<p lang=\"pt-BR\">Em Santa Catarina, os ataques s\u00e3o desferidos por Raimundo Colombo, Cezar Souza Junior e todos os demais mandat\u00e1rios do poder burgu\u00eas na Assembleia Legislativa ou nas C\u00e2maras Municipais. Os trabalhadores de Santa Catarina lutam bravamente e a mobiliza\u00e7\u00e3o das categorias do funcionalismo p\u00fablico estadual para barrar estas medidas que legitimam perdas e estabelecem retrocessos \u00e9 um dos exemplos da intensifica\u00e7\u00e3o do processo de lutas. Apesar da branda articula\u00e7\u00e3o entre os sindicatos com o intuito de se constituir uma tenra unidade, o movimento ganha corpo a cada dia e toma as ruas, com o intuito de dialogar com a popula\u00e7\u00e3o acerca do desmonte e dos preju\u00edzos aos servi\u00e7os p\u00fablicos a ela ofertados.<\/p>\n<p lang=\"pt-BR\">Apercebendo-se o crescimento do movimento e para fazer valer \u00e0 for\u00e7a os interesses da burguesia, o Estado utiliza-se de todo o seu aparato repressivo f\u00edsico e ideol\u00f3gico, impedindo o acesso dos trabalhadores \u00e0s galerias do plen\u00e1rio e agredindo com g\u00e1s de pimenta e empurr\u00f5es os que tentassem entrar.<\/p>\n<p lang=\"pt-BR\">Este cen\u00e1rio, marcado pelo agravamento da crise estrutural, por uma a\u00e7\u00e3o combinada e cada vez mais agressiva e degenerativa do capital e do Estado, do aumento dos ataques \u00e0 classe trabalhadora e da repress\u00e3o, n\u00e3o \u00e9 passageiro! Toda a unidade que se possa fazer a servi\u00e7o da luta \u00e9 fundamental e somente a constru\u00e7\u00e3o e consolida\u00e7\u00e3o de uma Frente de Esquerda dos trabalhadores, estruturada pela base, nos colocar\u00e1 \u00e0 altura para enfrentar a situa\u00e7\u00e3o que vivenciamos. Nosso referencial n\u00e3o pode mais se ater a administra\u00e7\u00e3o ou reforma do capital, mas \u00e0 sua supera\u00e7\u00e3o revolucion\u00e1ria. Por uma sa\u00edda anticapitalista da crise! Por um governo socialista e revolucion\u00e1rios dos trabalhadores!<\/p>\n<p lang=\"pt-BR\">O Espa\u00e7o Socialista repudia todo e qualquer ato de repress\u00e3o pelas for\u00e7as do Estado e apoia a mobiliza\u00e7\u00e3o e luta dos trabalhadores do servi\u00e7o p\u00fablico estadual de Santa Catarina!<\/p>\n<p lang=\"pt-BR\">\n","protected":false},"excerpt":{"rendered":"<p>N\u00e3o h\u00e1 fronteiras para a escalada da classe dominante e os ataques aos trabalhadores e trabalhadoras est\u00e3o pulverizados pelos quatro<\/p>\n","protected":false},"author":3,"featured_media":4343,"comment_status":"closed","ping_status":"closed","sticky":true,"template":"","format":"standard","meta":{"footnotes":""},"categories":[21],"tags":[],"_links":{"self":[{"href":"https:\/\/www.espacosocialista.org\/portal\/wp-json\/wp\/v2\/posts\/4342"}],"collection":[{"href":"https:\/\/www.espacosocialista.org\/portal\/wp-json\/wp\/v2\/posts"}],"about":[{"href":"https:\/\/www.espacosocialista.org\/portal\/wp-json\/wp\/v2\/types\/post"}],"author":[{"embeddable":true,"href":"https:\/\/www.espacosocialista.org\/portal\/wp-json\/wp\/v2\/users\/3"}],"replies":[{"embeddable":true,"href":"https:\/\/www.espacosocialista.org\/portal\/wp-json\/wp\/v2\/comments?post=4342"}],"version-history":[{"count":2,"href":"https:\/\/www.espacosocialista.org\/portal\/wp-json\/wp\/v2\/posts\/4342\/revisions"}],"predecessor-version":[{"id":4345,"href":"https:\/\/www.espacosocialista.org\/portal\/wp-json\/wp\/v2\/posts\/4342\/revisions\/4345"}],"wp:featuredmedia":[{"embeddable":true,"href":"https:\/\/www.espacosocialista.org\/portal\/wp-json\/wp\/v2\/media\/4343"}],"wp:attachment":[{"href":"https:\/\/www.espacosocialista.org\/portal\/wp-json\/wp\/v2\/media?parent=4342"}],"wp:term":[{"taxonomy":"category","embeddable":true,"href":"https:\/\/www.espacosocialista.org\/portal\/wp-json\/wp\/v2\/categories?post=4342"},{"taxonomy":"post_tag","embeddable":true,"href":"https:\/\/www.espacosocialista.org\/portal\/wp-json\/wp\/v2\/tags?post=4342"}],"curies":[{"name":"wp","href":"https:\/\/api.w.org\/{rel}","templated":true}]}}