{"id":4356,"date":"2015-12-15T14:26:18","date_gmt":"2015-12-15T16:26:18","guid":{"rendered":"http:\/\/espacosocialista.org\/portal\/?p=4356"},"modified":"2015-12-15T14:26:18","modified_gmt":"2015-12-15T16:26:18","slug":"nomeacao-de-novo-coordenador-nacional-de-saude-mental-do-ministerio-da-saude-mais-um-retrocesso-do-governo-dilma","status":"publish","type":"post","link":"https:\/\/www.espacosocialista.org\/portal\/2015\/12\/nomeacao-de-novo-coordenador-nacional-de-saude-mental-do-ministerio-da-saude-mais-um-retrocesso-do-governo-dilma\/","title":{"rendered":"Nomea\u00e7\u00e3o de novo Coordenador Nacional de Sa\u00fade Mental do Minist\u00e9rio da Sa\u00fade: mais um retrocesso do Governo Dilma!"},"content":{"rendered":"<p>O Ministro da Sa\u00fade, Marcelo Castro (PMDB-PI) apresentou na \u00faltima sexta feira (11\/12) a substitui\u00e7\u00e3o do cargo da Coordena\u00e7\u00e3o Nacional de Sa\u00fade Mental, de Roberto Tykanori por Valencius Wurch. O caso por si s\u00f3 \u00e9 mais um exemplo do retrocesso nas pol\u00edticas p\u00fablicas que o pa\u00eds vem sofrendo.<\/p>\n<p><a href=\"http:\/\/espacosocialista.org\/portal\/wp-content\/uploads\/2015\/12\/arton4329-76804.jpg\"><img decoding=\"async\" loading=\"lazy\" class=\"size-medium wp-image-4357 alignright\" alt=\"arton4329-76804\" src=\"http:\/\/espacosocialista.org\/portal\/wp-content\/uploads\/2015\/12\/arton4329-76804-300x281.jpg\" width=\"300\" height=\"281\" srcset=\"https:\/\/www.espacosocialista.org\/portal\/wp-content\/uploads\/2015\/12\/arton4329-76804-300x281.jpg 300w, https:\/\/www.espacosocialista.org\/portal\/wp-content\/uploads\/2015\/12\/arton4329-76804.jpg 490w\" sizes=\"(max-width: 300px) 100vw, 300px\" \/><\/a><\/p>\n<p>A saber, Roberto Tykanori foi um dos l\u00edderes da Reforma Psiqui\u00e1trica no pa\u00eds ao participar entre diversas a\u00e7\u00f5es, na interven\u00e7\u00e3o na Casa de Sa\u00fade Anchieta em Santos \u2013 SP, sendo o primeiro hospital psiqui\u00e1trico fechado no pa\u00eds e teve a constru\u00e7\u00e3o de uma rede substitutiva de sa\u00fade mental que tratasse os usu\u00e1rios com transtornos mentais com respeito e reinser\u00e7\u00e3o social. Por\u00e9m, as pr\u00e1ticas de garantir direitos por dentro do Estado, mostrou a fal\u00eancia de um projeto reformista para a Luta Antimanicomial, pois mesmo assumindo o cargo da Coordena\u00e7\u00e3o Nacional de Sa\u00fade Mental, \u00c1lcool e outras Drogas, ainda que teve um importante papel de sustentar e fortalecer a RAPS (Rede de Aten\u00e7\u00e3o Psicossocial), n\u00e3o teve condi\u00e7\u00f5es de impedir retrocessos como a privatiza\u00e7\u00e3o dos servi\u00e7os pelas OSs e a atua\u00e7\u00e3o de comunidades terap\u00eauticas que buscam atrav\u00e9s de vi\u00e9s religioso e n\u00e3o cient\u00edfico, o tratamento dessas pessoas.<\/p>\n<p>Como se n\u00e3o bastasse a p\u00e9ssima situa\u00e7\u00e3o da Sa\u00fade P\u00fablica, a Sa\u00fade Mental no pa\u00eds tende a piorar com essa nova nomea\u00e7\u00e3o, pois se com uma importante lideran\u00e7a da Luta Antimanicomial n\u00e3o tivemos avan\u00e7os significativos, com Valencius Wurch a situa\u00e7\u00e3o tende a piorar&#8230;e muito!<\/p>\n<p>O novo Coordenador Nacional de Sa\u00fade Mental \u00e9 ex-diretor da Casa de Sa\u00fade Dr. Eiras, o maior hosp\u00edcio da Am\u00e9rica Latina, localizada no Rio de Janeiro. Em 2000 o Minist\u00e9rio da Sa\u00fade realizou auditorias no local em que identificaram diversas viola\u00e7\u00f5es de Direitos Humanos, sendo que em 2001 proibiu-se novas interna\u00e7\u00f5es, tendo suas atividades encerradas em 2012, depois de diversas den\u00fancias das condi\u00e7\u00f5es sub-humanas que viviam seus usu\u00e1rios e usu\u00e1rias.<\/p>\n<p>Como se n\u00e3o bastasse, j\u00e1 realizou cr\u00edtica a Lei Paulo Delgado (Lei n\u00ba 10.216 de 06\/04\/2001) a considerando ultrapassada e de car\u00e1ter \u201cideol\u00f3gico\u201d, pois apesar de alguns limites, \u00e9 o principal instrumento contra a manuten\u00e7\u00e3o de manic\u00f4mios no pa\u00eds.<\/p>\n<p>Assim, o Governo Federal ressalta ainda mais o seu car\u00e1ter conservador, que al\u00e9m de realizar o corte na Sa\u00fade de mais de R$1 bi, se filia a cada dia com figuras das mais conservadoras da psiquiatria. Garantindo que al\u00e9m da precariedade que a Sa\u00fade P\u00fablica sofre, a pr\u00e1tica manicomial retorna com mais for\u00e7a, retroagindo no cuidado e aten\u00e7\u00e3o aos usu\u00e1rios e usu\u00e1rias dos servi\u00e7os de sa\u00fade mental, \u00e1lcool e outras drogas. Diversas pesquisas e pr\u00e1ticas, mostram que a articula\u00e7\u00e3o de servi\u00e7os que busquem a inser\u00e7\u00e3o social dessa popula\u00e7\u00e3o \u00e9 o melhor procedimento para um tratamento eficaz e de qualidade, e a pr\u00e1tica da interna\u00e7\u00e3o de longo per\u00edodo \u00e9 um processo menos custoso (a curto prazo) e n\u00e3o garante a recupera\u00e7\u00e3o, ao contr\u00e1rio, as diversas den\u00fancias nos mais diversos casos e locais, \u00a0mostra a degrada\u00e7\u00e3o humana que essas condi\u00e7\u00f5es oferecem. Dessa forma, os interesses do Capital se tornam cada vez mais evidentes, garantem mais lucro para as institui\u00e7\u00f5es privadas e a invisibiliza\u00e7\u00e3o e deteriora\u00e7\u00e3o da humanidade dessa popula\u00e7\u00e3o.<\/p>\n","protected":false},"excerpt":{"rendered":"<p>O Ministro da Sa\u00fade, Marcelo Castro (PMDB-PI) apresentou na \u00faltima sexta feira (11\/12) a substitui\u00e7\u00e3o do cargo da Coordena\u00e7\u00e3o Nacional<\/p>\n","protected":false},"author":3,"featured_media":4357,"comment_status":"closed","ping_status":"closed","sticky":true,"template":"","format":"standard","meta":{"footnotes":""},"categories":[21],"tags":[],"_links":{"self":[{"href":"https:\/\/www.espacosocialista.org\/portal\/wp-json\/wp\/v2\/posts\/4356"}],"collection":[{"href":"https:\/\/www.espacosocialista.org\/portal\/wp-json\/wp\/v2\/posts"}],"about":[{"href":"https:\/\/www.espacosocialista.org\/portal\/wp-json\/wp\/v2\/types\/post"}],"author":[{"embeddable":true,"href":"https:\/\/www.espacosocialista.org\/portal\/wp-json\/wp\/v2\/users\/3"}],"replies":[{"embeddable":true,"href":"https:\/\/www.espacosocialista.org\/portal\/wp-json\/wp\/v2\/comments?post=4356"}],"version-history":[{"count":2,"href":"https:\/\/www.espacosocialista.org\/portal\/wp-json\/wp\/v2\/posts\/4356\/revisions"}],"predecessor-version":[{"id":4359,"href":"https:\/\/www.espacosocialista.org\/portal\/wp-json\/wp\/v2\/posts\/4356\/revisions\/4359"}],"wp:featuredmedia":[{"embeddable":true,"href":"https:\/\/www.espacosocialista.org\/portal\/wp-json\/wp\/v2\/media\/4357"}],"wp:attachment":[{"href":"https:\/\/www.espacosocialista.org\/portal\/wp-json\/wp\/v2\/media?parent=4356"}],"wp:term":[{"taxonomy":"category","embeddable":true,"href":"https:\/\/www.espacosocialista.org\/portal\/wp-json\/wp\/v2\/categories?post=4356"},{"taxonomy":"post_tag","embeddable":true,"href":"https:\/\/www.espacosocialista.org\/portal\/wp-json\/wp\/v2\/tags?post=4356"}],"curies":[{"name":"wp","href":"https:\/\/api.w.org\/{rel}","templated":true}]}}