{"id":4360,"date":"2015-12-18T22:34:28","date_gmt":"2015-12-19T00:34:28","guid":{"rendered":"http:\/\/espacosocialista.org\/portal\/?p=4360"},"modified":"2018-05-28T16:50:47","modified_gmt":"2018-05-28T19:50:47","slug":"nem-impeachment-nem-dilma-construir-a-partir-das-lutas-uma-saida-anticapitalista-dos-trabalhadores","status":"publish","type":"post","link":"https:\/\/www.espacosocialista.org\/portal\/2015\/12\/nem-impeachment-nem-dilma-construir-a-partir-das-lutas-uma-saida-anticapitalista-dos-trabalhadores\/","title":{"rendered":"Nem Impeachment, Nem Dilma! &#8211; Construir a partir das Lutas uma Sa\u00edda Anticapitalista dos Trabalhadores!"},"content":{"rendered":"<p lang=\"pt-BR\" style=\"text-align: right;\">Espa\u00e7o Socialista e Movimento de Organiza\u00e7\u00e3o Socialista<\/p>\n<h2 lang=\"pt-BR\">Governo e Oposi\u00e7\u00e3o de Direita s\u00e3o nossos inimigos!<\/h2>\n<p><a href=\"http:\/\/espacosocialista.org\/portal\/wp-content\/uploads\/2015\/12\/dilma-e-eduardo-cunha.png\"><img decoding=\"async\" loading=\"lazy\" class=\"alignright\" src=\"http:\/\/espacosocialista.org\/portal\/wp-content\/uploads\/2015\/12\/dilma-e-eduardo-cunha.png\" alt=\"dilma-e-eduardo-cunha\" width=\"299\" height=\"200\" \/><\/a><\/p>\n<p lang=\"pt-BR\">A crise pol\u00edtica \u00e9 antes de tudo provocada pela crise econ\u00f4mica, a partir da fal\u00eancia do modelo que prevaleceu nos \u00faltimos anos.<\/p>\n<p lang=\"pt-BR\">O esgotamento do ciclo de valoriza\u00e7\u00e3o das mat\u00e9rias primas e do superendividamento inviabiliza o incentivo ao mercado interno. A burguesia como um todo busca retomar sua lucratividade cortando custos com a for\u00e7a de trabalho e aumentando violentamente a explora\u00e7\u00e3o sobre os trabalhadores, o que implica desemprego, avan\u00e7o da terceiriza\u00e7\u00e3o, corte dos direitos trabalhistas, aumento da infla\u00e7\u00e3o e perda dos sal\u00e1rios. As consequ\u00eancias s\u00e3o a priva\u00e7\u00e3o de milh\u00f5es de pessoas das necessidades imediatas, a perda de m\u00ednimas conquistas e direitos que vinham de anos.<\/p>\n<p lang=\"pt-BR\">A recess\u00e3o traz a queda da arrecada\u00e7\u00e3o do estado ao mesmo tempo que o capital financeiro \u00e9 agraciado com aumento das taxas de juros, fazendo com que o servi\u00e7o da D\u00edvida (juros e amortiza\u00e7\u00f5es anuais) seja, neste ano, a montanha de R$ 1,350 trilh\u00e3o (!), ou 46% do Or\u00e7amento geral do pa\u00eds. Remunerar esse capital agiota \u00e9 a preocupa\u00e7\u00e3o central das v\u00e1rias esferas de estado. Por isso todos os cortes desumanos que vemos em setores onde n\u00e3o tem mais o que cortar, como educa\u00e7\u00e3o e sa\u00fade.<\/p>\n<p lang=\"pt-BR\">Al\u00e9m do capital financeiro, o setor do agroneg\u00f3cio tamb\u00e9m \u00e9 contemplado, come\u00e7ando pelo or\u00e7amento com o financiamento da safra a juros muito abaixo e prazos muito acima do mercado. Na safra de 2014\/15 esse setor recebeu R$ 158 bi e na de 2015\/16 essa quantia aumentou para R$ 187,7 bilh\u00f5es! Al\u00e9m disso, toda facilidade para aquisi\u00e7\u00e3o de m\u00e1quinas e equipamentos, regulariza\u00e7\u00f5es de propriedades griladas, maior abertura para o desmatamento com o Novo C\u00f3digo Florestal e, ainda, vistas grossas no massacre dos \u00edndios que lutam por suas reservas e K\u00e1tia Abreu \u00e0 frente do Minist\u00e9rio da Agricultura. N\u00e3o precisa mais nada.<\/p>\n<p lang=\"pt-BR\">Mas num outro p\u00f3lo da burguesia, o setor industrial amarga as maiores quedas desde 2009. A produ\u00e7\u00e3o de outubro passado caiu 11,2% ante igual m\u00eas de 2014. Comparando o volume acumulado de produ\u00e7\u00e3o deste ano com o mesmo per\u00edodo do ano passado, a queda \u00e9 de 7,8%.<\/p>\n<p lang=\"pt-BR\">O setor de servi\u00e7os, um dos grandes impulsionadores do PIB nos \u00faltimos anos, tamb\u00e9m teve queda &#8211; 4,8% no acumulado de 2015, &#8211; em rela\u00e7\u00e3o ao mesmo per\u00edodo de 2014.<\/p>\n<p lang=\"pt-BR\">Assim, com um or\u00e7amento mais apertado e a economia em uma recess\u00e3o longe de acabar, a burguesia disputa entre si quem ir\u00e1 capitanear o novo modelo econ\u00f4mico que fatalmente ir\u00e1 beneficiar uns setores em detrimento de outros. No centro dessa disputa est\u00e1 a luta pelo or\u00e7amento e pelo poder no estado.<\/p>\n<p lang=\"pt-BR\">Por um lado, setores mais prejudicados colocam abertamente a necessidade do Impeachment (FIESP, CIESP, empresas do setor de servi\u00e7os). Falas que apontam na inten\u00e7\u00e3o de um novo governo capaz de aplicar um conjunto mais duro de ataques aos trabalhadores, cortar direitos e servi\u00e7os p\u00fablicos (como os gastos com a aposentadoria e a Previd\u00eancia Social de uma vez), partir para uma leva de privatiza\u00e7\u00f5es muito mais direta e intensa, reprimir mais duramente ainda os movimentos sociais; ou pelo menos conseguir que o governo Dilma realize mais rapidamente esse receitu\u00e1rio e ceda parcelas do or\u00e7amento e do poder cada vez maiores a esses setores.<\/p>\n<p lang=\"pt-BR\">J\u00e1 outros setores da burguesia melhor assegurados adotam um tom mais cauteloso ou mesmo saem em defesa do Governo Dilma. Pressionam e amea\u00e7am no sentido de conseguir manter e aprofundar seus benef\u00edcios utilizando essa chantagem como capital pol\u00edtico frente ao governo.<\/p>\n<p lang=\"pt-BR\">Para os setores reacion\u00e1rios que defendem o impeachment, a presen\u00e7a do PT no governo \u00e9 um obst\u00e1culo. O PT dominou a m\u00e1quina federal e distribuiu minist\u00e9rios, autarquias, funda\u00e7\u00f5es para seus aliados (s\u00f3 na esfera federal, s\u00e3o mais de 20 mil cargos comissionados) ampliando, atrav\u00e9s da barganha, sua influ\u00eancia pol\u00edtica em detrimento de setores diretamente ligados ao empresariado.<\/p>\n<p lang=\"pt-BR\">O que todos esses setores da burguesia e da burocracia de estado e a burocracia petista tem em comum \u00e9 que, em que pese todas as disputas entre si, est\u00e3o unidos em rela\u00e7\u00e3o ao aprofundamento dos ataques sobre os trabalhadores e a usurpa\u00e7\u00e3o cada vez maior do dinheiro p\u00fablico. Nenhum setor coloca em quest\u00e3o o ajuste fiscal, destinado ao pagamento da D\u00edvida, as privatiza\u00e7\u00f5es (seja de forma direta ou por concess\u00f5es), o corte dos direitos trabalhistas, avan\u00e7o das terceiriza\u00e7\u00f5es, Reforma da Previd\u00eancia&#8230; Divergem apenas nos meios e media\u00e7\u00f5es da aplica\u00e7\u00e3o desse receitu\u00e1rio e mesmo essas diferen\u00e7as se d\u00e3o por que um setor ou outro pode levar mais vantagem a depender do modo como seja aplicado o receitu\u00e1rio que, na sua ess\u00eancia, \u00e9 todo ou quase todo liberal.<\/p>\n<h2 lang=\"pt-BR\">Para os empres\u00e1rios, qual o melhor governo para garantir seus neg\u00f3cios?<\/h2>\n<p lang=\"pt-BR\">Que figura, com a alian\u00e7a de quais partidos, teria a moral de chefiar um novo governo de \u201cunidade nacional\u201d com credibilidade e for\u00e7a para proceder ao n\u00edvel de ataques necess\u00e1rios aos trabalhadores principalmente na correla\u00e7\u00e3o de for\u00e7as abertas com os movimentos de junho de 2013?<\/p>\n<p lang=\"pt-BR\">As alternativas de substitui\u00e7\u00e3o de Dilma n\u00e3o s\u00e3o de modo algum consensuais. Mesmo Termer que desponta como o mais favor\u00e1vel, est\u00e1 envolvido com as chamadas \u201cpedaladas fiscais\u201d. A pr\u00f3pria burguesia se pergunta como seria um governo Temer no marco de uma disputa entre os v\u00e1rios setores pol\u00edticos e, ainda mais, sem a participa\u00e7\u00e3o do PT e parte de seus aliados uma vez que houvesse um Impeachment.<\/p>\n<p lang=\"pt-BR\">Quais seriam tamb\u00e9m os impactos de um Impeachment para os movimentos sociais? Levaria a maior aceita\u00e7\u00e3o ou maior potencial de lutas e mobiliza\u00e7\u00e3o? A CUT e o PT na oposi\u00e7\u00e3o seria melhor ou pior do que hoje para a conten\u00e7\u00e3o dos movimentos sociais? Todas essas s\u00e3o perguntas dif\u00edceis cujos setores mais importantes da burguesia e do imperialismo se fazem sem respostas conclusivas.<\/p>\n<p lang=\"pt-BR\">Portanto, a disputa do Impeachment deve se arrastar por no m\u00ednimo algumas semanas.<\/p>\n<p lang=\"pt-BR\">O que parece ser certeza \u00e9 que, acompanham o desenrolar da crise pol\u00edtica continuam a desgastar cada vez mais o PT preparando sua derrota e de seu bloco nas elei\u00e7\u00f5es do pr\u00f3ximo ano, preparando a sua sa\u00edda que poderia se dar tanto pela via do impeachment como tamb\u00e9m das elei\u00e7\u00f5es de 2018. As cita\u00e7\u00f5es de envolvimentos cada vez mais pr\u00f3ximos de Lula na Opera\u00e7\u00e3o Lava Jato sinalizam as inten\u00e7\u00f5es de impedir sua vota.<\/p>\n<h2 lang=\"pt-BR\">Na crise a Governabilidade n\u00e3o est\u00e1 amea\u00e7ada<\/h2>\n<p lang=\"pt-BR\">Se n\u00e3o h\u00e1 a estabilidade pol\u00edtica desejada pelo capital, tamb\u00e9m n\u00e3o se pode dizer que o regime est\u00e1 em crise, pois o que temos visto \u00e9: no que \u00e9 essencial ao capital, as institui\u00e7\u00f5es tem cumprido o papel de inimigo dos trabalhadores.<\/p>\n<p lang=\"pt-BR\">Prova da unidade entre governo e congresso (e todos os partidos burgueses) contra os trabalhadores, basta ver que v\u00e1rias medidas do ajuste fiscal (corte de verbas, n\u00e3o reajuste para o funcionalismo, etc) foram aprovadas tranquilamente no Congresso. Nos pontos em que considera mais urgente, o Congresso acelera a vota\u00e7\u00e3o de Leis e Reformas como a redu\u00e7\u00e3o da maioridade penal, terceiriza\u00e7\u00e3o das atividades-fins, Reforma da Previd\u00eancia, Reforma Pol\u00edtica, etc.<\/p>\n<p lang=\"pt-BR\">O aparato repressivo tamb\u00e9m continua em pleno funcionamento. O Supremo Tribunal continua exercendo um papel de \u201cregulador\u201d quando h\u00e1 conflitos que podem levar a uma paralisia (como o tiro do impeachment) e tamb\u00e9m arbitra entre as fra\u00e7\u00f5es da burguesia e seus representantes pol\u00edticos e empresariais, autorizando e julgando as investiga\u00e7\u00f5es da Lava Jato a crit\u00e9rio de quem interessa atingir. Como todos est\u00e3o envolvidos, a escolha dos investigados \u00e9 profundamente pol\u00edtica.<\/p>\n<h2 lang=\"pt-BR\">Nem Dilma, Nem Oposi\u00e7\u00e3o de Direita!<\/h2>\n<p lang=\"pt-BR\">Aos trabalhadores n\u00e3o cabe escolher entre a Oposi\u00e7\u00e3o de Direta ou o Governo Dilma, pois, por mais que haja diferen\u00e7as m\u00ednimas entre os dois blocos, ambos os setores s\u00e3o inimigos dos trabalhadores, est\u00e3o comprometidos com o ajuste fiscal, as privatiza\u00e7\u00f5es, cortes de direitos, sal\u00e1rios, desemprego.<\/p>\n<p lang=\"pt-BR\">Com Dilma, sem Dilma, com Temer e sem Temer (ou qualquer outro) n\u00f3s trabalhadores e explorados continuaremos sofrendo as consequ\u00eancias da explora\u00e7\u00e3o capitalista.<\/p>\n<p lang=\"pt-BR\">S\u00f3 um, entre tantos exemplos, a \u201clei antiterrorismo\u201d (que aprofunda a criminaliza\u00e7\u00e3o dos movimentos sociais e da pobreza) est\u00e1 sendo aprovada com o apoio dos setores governistas e da oposi\u00e7\u00e3o de direita.<\/p>\n<p lang=\"pt-BR\">N\u00e3o podemos ficar presos no debate se Dilma deve ficar ou sair e quem poderia ser eleito no lugar dela. O debate que os revolucion\u00e1rios precisam colocar \u00e9 que essa forma de poder \u00e9 o poder da burguesia, dos capitalistas e todos eles sempre ser\u00e3o contra os trabalhadores.<\/p>\n<p lang=\"pt-BR\">Temos que nos livrar dessa cilada, aproveitando o momento para denunciar o capitalismo e que todas as formas de poder sempre ser\u00e3o contra os trabalhadores e pobres.<\/p>\n<p lang=\"pt-BR\">Chamamos os trabalhadores a n\u00e3o participar dos Atos Pelo Impeachment. Essa Oposi\u00e7\u00e3o de Direita \u00e9 inimiga declarada dos trabalhadores e dos direitos sociais, das mulheres, dos negros e das demandas sociais em geral. Seu \u00fanico compromisso \u00e9 com os lucros. No seu meio se apresentam, inclusive, os defensores da ditadura, os neonazistas, e reacion\u00e1rios de todo tipo.<\/p>\n<p lang=\"pt-BR\">Mas tamb\u00e9m chamamos a n\u00e3o participar no atos governistas. Por mais que se coloquem como atos \u201cContra o Golpe e Pela Democracia\u201d, no fundo s\u00e3o atos de apoio \u00e0 manuten\u00e7\u00e3o de um governo que desde a sua posse demonstra ser inimigo dos trabalhadores. Se desde antes j\u00e1 cumpria o papel de desmobilizar e iludir os trabalhadores com algumas pol\u00edticas sociais m\u00ednimas enquanto dava aos empres\u00e1rios o fil\u00e3o da riqueza nacional, a partir desse mandato vem atacando at\u00e9 mesmo direitos e programas b\u00e1sicos com os cortes sociais no Or\u00e7amento, no Seguro Desemprego, nas pens\u00f5es, FIES, PIBID, direcionando o dinheiro p\u00fablico para a burguesia. Al\u00e9m disso, est\u00e1 atolado at\u00e9 o pesco\u00e7o na corrup\u00e7\u00e3o.<\/p>\n<p lang=\"pt-BR\">A tarefa dos trabalhadores \u00e9 a constru\u00e7\u00e3o de um campo pr\u00f3prio independente, uma alternativa a partir das lutas, com um programa Anticapitalista.<\/p>\n<h2 lang=\"pt-BR\"><a name=\"_GoBack\"><\/a>Contra as sa\u00eddas por dentro do regime: Construir o campo dos trabalhadores<\/h2>\n<p lang=\"pt-BR\">De um lado o governo do PT\/PMDB, empres\u00e1rios, oposi\u00e7\u00e3o de direita, as burocracias sindicais, todos inimigos dos trabalhadores, brigam para ver quem vai ficar com o controle do Estado e da economia para atacar a classe trabalhadora.<\/p>\n<p lang=\"pt-BR\">E do outro lado, o campo dos trabalhadores. E o papel da esquerda revolucion\u00e1ria \u00e9 fortalecer esse campo dos trabalhadores, procurando construir uma alternativa por fora do regime burgu\u00eas.<\/p>\n<p lang=\"pt-BR\">Algumas organiza\u00e7\u00f5es e partidos que hoje se situam no campo dos trabalhadores t\u00eam apontado como sa\u00edda para a situa\u00e7\u00e3o colocada no governo o \u201cFora Todos\u201d e o \u201cFora Dilma\u201d, chamando novas elei\u00e7\u00f5es.<\/p>\n<p lang=\"pt-BR\">Por\u00e9m, hoje, caso Dilma venha a cair, n\u00e3o h\u00e1 d\u00favidas de que quem assumir\u00e1 o controle do pa\u00eds ser\u00e1 outro partido da ordem, tamb\u00e9m representante dos interesses da patronal. Nenhum setor que tenha hoje express\u00e3o suficiente para conseguir chegar ao governo t\u00eam como projeto n\u00e3o aplicar o ajuste fiscal, barrar a retirada de direitos, as demiss\u00f5es e aos ataques que vimos ao longo do ano serem desferidos contra n\u00f3s.<\/p>\n<p lang=\"pt-BR\">N\u00e3o temos hoje nenhuma alternativa de organiza\u00e7\u00e3o e luta de grande express\u00e3o, n\u00e3o temos o socialismo colocado como referencial para os trabalhadores, os trabalhadores n\u00e3o t\u00eam alternativa independente forte o suficiente para se colocar como alternativa pr\u00e1tica imediata.<\/p>\n<p lang=\"pt-BR\">Chamar novas elei\u00e7\u00f5es em um contexto como esse, \u00e9 praticamente chamar os trabalhadores a legitimar os atuais ou novos candidatos da patronal, que fatalmente ser\u00e3o os eleitos.<\/p>\n<p lang=\"pt-BR\">Da mesma forma, a proposta de chamar uma Constituinte, na correla\u00e7\u00e3o de for\u00e7as de hoje, \u00e9 igualmente inconsequente, j\u00e1 que, da mesma forma, o que prevalecer\u00e1 na elei\u00e7\u00e3o dos \u201cdeputados constituintes\u201d ser\u00e1 a for\u00e7a hegem\u00f4nica dos empres\u00e1rios e demais setores reacion\u00e1rios, que t\u00eam hoje tranquilidade, para fazer qualquer processo que passe pela legalidade das institui\u00e7\u00f5es ser canalizado a seu favor.<\/p>\n<p lang=\"pt-BR\">Defender no contexto atual \u201csa\u00eddas\u201d por dentro da democracia burguesa (Elei\u00e7\u00f5es Gerais ou Assembleia Constituinte) em que ir\u00e1 predominar o poder empresarial, da m\u00eddia e do senso comum de direita \u00e9 ajudar a referendar pelo voto os interesses da classe dominante.<\/p>\n<p lang=\"pt-BR\">Os trabalhadores e movimentos sociais devem se colocar em luta pelas suas demandas de forma totalmente independente dos patr\u00f5es, avan\u00e7ando nos m\u00e9todos de luta (greves, ocupa\u00e7\u00f5es, bloqueios) e a partir da\u00ed desenvolvendo formas de organiza\u00e7\u00e3o que coordenem e unifiquem as lutas e suas consci\u00eancia anticapitalista.<\/p>\n<p lang=\"pt-BR\">Um poder dos trabalhadores de fato n\u00e3o \u00e9 algo abstrato, n\u00e3o se constr\u00f3i apenas de forma superestrutural ou com ideias. Os trabalhadores assumirem o poder \u00e9 ter a for\u00e7a para impor nossas demandas na sociedade e isso s\u00f3 se constr\u00f3i com muita luta e organiza\u00e7\u00e3o a partir das lutas concretas, gestando as condi\u00e7\u00f5es para uma transforma\u00e7\u00e3o revolucion\u00e1ria da sociedade rumo ao socialismo. Ter o centro da luta nas institui\u00e7\u00f5es \u00e9 fazer exatamente o contr\u00e1rio!<\/p>\n<h2 lang=\"pt-BR\">Por Uma Frente de Esquerda e Socialista dos Trabalhadores!<\/h2>\n<p lang=\"pt-BR\">\u00c9 preciso uma Frente de Esquerda e Socialista que re\u00fana os trabalhadores e movimentos no sentido da unifica\u00e7\u00e3o das lutas, marcando os atos e manifesta\u00e7\u00f5es do campo independente dos trabalhadores, como alternativa \u00e0s manifesta\u00e7\u00f5es do Impeachment e \u00e0s governistas. N\u00e3o se trata de uma frente eleitoral, mas uma forma organizativa que nucleie toda a esquerda e os trabalhadores em luta intransigente por suas demandas concretas e por um Programa Anticapitalista e Socialista. A constru\u00e7\u00e3o dessa frente precisa se materializar a partir da base nos locais de trabalho, estudo e moradia.<\/p>\n<p lang=\"pt-BR\">Como parte desses esfor\u00e7os, participaremos no dia 22\/01 da Plen\u00e1ria de Luta Sindical e Popular que est\u00e1 sendo convocada pelo Espa\u00e7o Unidade de A\u00e7\u00e3o, formado pela CSP- CONLUTAS e outras entidades e movimentos.<\/p>\n<p lang=\"pt-BR\">Defenderemos que esse Espa\u00e7o aponte um calend\u00e1rio comum para as lutas, marque um Ato do Campo de Esquerda e Socialista dos Trabalhadores e como prosseguimento organize Plen\u00e1rias por estado e nas regi\u00f5es para unificar as lutas e impulsionar a disputa da consci\u00eancia junto \u00e0s f\u00e1bricas, esta\u00e7\u00f5es, universidades e bairros, com boletins, trabalho com carro de som, etc, chamando a n\u00e3o nutrir ilus\u00f5es nas institui\u00e7\u00f5es burguesas.<\/p>\n<p lang=\"pt-BR\">Uma Frente de Esquerda e Socialista tamb\u00e9m deve apresentar junto aos trabalhadores e jovens um Programa de ruptura com o capitalismo e por um democracia dos trabalhadores:<\/p>\n<ul>\n<li>N\u00e3o ao Ajuste Fiscal da burguesia. N\u00e3o Pagamento da D\u00edvida P\u00fablica! Investimento desse dinheiro em Servi\u00e7os P\u00fablicos, Gratuitos e de Qualidade sob controle dos trabalhadores!<\/li>\n<li>Fim das demiss\u00f5es e desemprego! Redu\u00e7\u00e3o da Jornada de Trabalho Sem Redu\u00e7\u00e3o do Sal\u00e1rios at\u00e9 que haja emprego para todos!<\/li>\n<li>Reajuste geral dos sal\u00e1rios toda vez que a infla\u00e7\u00e3o acumulada atingir 5%.<\/li>\n<li>Reforma e Revolu\u00e7\u00e3o Agr\u00e1ria sob controle dos trabalhadores, com o Fim do Latif\u00fandio, e a expropria\u00e7\u00e3o do agroneg\u00f3cio!<\/li>\n<li>Reforma urbana sob controle dos trabalhadores, com a expropria\u00e7\u00e3o dos im\u00f3veis utilizados como especula\u00e7\u00e3o imobili\u00e1ria!<\/li>\n<li>Por um governo socialista e revolucion\u00e1rio dos trabalhadores apoiado nas suas organiza\u00e7\u00f5es de luta!<\/li>\n<li>Por uma Revolu\u00e7\u00e3o Socialista!\u00a0Apropria\u00e7\u00e3o coletiva pelos trabalhadores dos meios de produ\u00e7\u00e3o e distribui\u00e7\u00e3o da riqueza social (f\u00e1bricas, terras, mercados, bancos) colocando-os a servi\u00e7o das necessidades humanas e n\u00e3o do lucro! Por um governo socialista e revolucion\u00e1rio dos trabalhadores, constru\u00eddo por uma Revolu\u00e7\u00e3o Socialista que exproprie os capitalistas e coloque as f\u00e1bricas, terras e bancos sob controle dos trabalhadores<\/li>\n<\/ul>\n<p>&nbsp;<\/p>\n","protected":false},"excerpt":{"rendered":"<p>Espa\u00e7o Socialista e Movimento de Organiza\u00e7\u00e3o Socialista Governo e Oposi\u00e7\u00e3o de Direita s\u00e3o nossos inimigos! A crise pol\u00edtica \u00e9 antes<\/p>\n","protected":false},"author":3,"featured_media":4362,"comment_status":"closed","ping_status":"closed","sticky":true,"template":"","format":"standard","meta":{"footnotes":""},"categories":[98,21],"tags":[],"_links":{"self":[{"href":"https:\/\/www.espacosocialista.org\/portal\/wp-json\/wp\/v2\/posts\/4360"}],"collection":[{"href":"https:\/\/www.espacosocialista.org\/portal\/wp-json\/wp\/v2\/posts"}],"about":[{"href":"https:\/\/www.espacosocialista.org\/portal\/wp-json\/wp\/v2\/types\/post"}],"author":[{"embeddable":true,"href":"https:\/\/www.espacosocialista.org\/portal\/wp-json\/wp\/v2\/users\/3"}],"replies":[{"embeddable":true,"href":"https:\/\/www.espacosocialista.org\/portal\/wp-json\/wp\/v2\/comments?post=4360"}],"version-history":[{"count":5,"href":"https:\/\/www.espacosocialista.org\/portal\/wp-json\/wp\/v2\/posts\/4360\/revisions"}],"predecessor-version":[{"id":6370,"href":"https:\/\/www.espacosocialista.org\/portal\/wp-json\/wp\/v2\/posts\/4360\/revisions\/6370"}],"wp:featuredmedia":[{"embeddable":true,"href":"https:\/\/www.espacosocialista.org\/portal\/wp-json\/wp\/v2\/media\/4362"}],"wp:attachment":[{"href":"https:\/\/www.espacosocialista.org\/portal\/wp-json\/wp\/v2\/media?parent=4360"}],"wp:term":[{"taxonomy":"category","embeddable":true,"href":"https:\/\/www.espacosocialista.org\/portal\/wp-json\/wp\/v2\/categories?post=4360"},{"taxonomy":"post_tag","embeddable":true,"href":"https:\/\/www.espacosocialista.org\/portal\/wp-json\/wp\/v2\/tags?post=4360"}],"curies":[{"name":"wp","href":"https:\/\/api.w.org\/{rel}","templated":true}]}}