{"id":4389,"date":"2016-01-19T10:12:35","date_gmt":"2016-01-19T12:12:35","guid":{"rendered":"http:\/\/espacosocialista.org\/portal\/?p=4389"},"modified":"2016-01-19T10:13:10","modified_gmt":"2016-01-19T12:13:10","slug":"a-bala-do-fuzil","status":"publish","type":"post","link":"https:\/\/www.espacosocialista.org\/portal\/2016\/01\/a-bala-do-fuzil\/","title":{"rendered":"A bala do fuzil"},"content":{"rendered":"<p>&nbsp;<\/p>\n<p><a href=\"http:\/\/espacosocialista.org\/portal\/?attachment_id=4390\" rel=\"attachment wp-att-4390\"><img decoding=\"async\" loading=\"lazy\" class=\"size-full wp-image-4390 alignleft\" alt=\"punho cerrado soberania\" src=\"http:\/\/espacosocialista.org\/portal\/wp-content\/uploads\/2016\/01\/punho-cerrado-soberania.jpg\" width=\"271\" height=\"320\" srcset=\"https:\/\/www.espacosocialista.org\/portal\/wp-content\/uploads\/2016\/01\/punho-cerrado-soberania.jpg 271w, https:\/\/www.espacosocialista.org\/portal\/wp-content\/uploads\/2016\/01\/punho-cerrado-soberania-254x300.jpg 254w\" sizes=\"(max-width: 271px) 100vw, 271px\" \/><\/a><\/p>\n<p>Talvez, ainda fa\u00e7amos parte do universo,<\/p>\n<p>n\u00e3o sei como \u00e9 fazer parte da mat\u00e9ria de outra forma que n\u00e3o seja a forma que tomo como corpo agora,<\/p>\n<p>mas me contento em saber que farei parte de uma parte melhor que vir\u00e1,<\/p>\n<p>pois n\u00e3o haver\u00e1 sa\u00edda,<\/p>\n<p>as flores brotar\u00e3o.<\/p>\n<p>Talvez surgiremos do solo,<\/p>\n<p>talvez seremos algum raio solar clareando tudo,<\/p>\n<p>talvez uma chuva,<\/p>\n<p>ou um p\u00e1ssaro,<\/p>\n<p>seremos talvez uma esperan\u00e7a,<\/p>\n<p>contemplando a falta de esperan\u00e7a de algu\u00e9m.<\/p>\n<p>Seremos a continua\u00e7\u00e3o de uma luta,<\/p>\n<p>at\u00e9 o dia em que n\u00e3o haja pelo que lutar,<\/p>\n<p>se a perfei\u00e7\u00e3o n\u00e3o ocorrer no horizonte<\/p>\n<p>da mais positiva utopia,<\/p>\n<p>seremos a bala do fuzil,<\/p>\n<p>seremos o pr\u00f3prio fuzil,<\/p>\n<p>seremos a l\u00e2mina afiada<\/p>\n<p>ou seremos a f\u00faria nos olhos<\/p>\n<p>dos revolucion\u00e1rios que vir\u00e3o.<\/p>\n<h3 style=\"text-align: right;\"><\/h3>\n<h3 style=\"text-align: right;\"><strong>Geisa Pimentel \u00a0 \u00a0 \u00a0 \u00a0 \u00a0 \u00a0 \u00a0 \u00a0 \u00a0 \u00a0 \u00a0 \u00a0 \u00a0 \u00a0 \u00a0 \u00a0 \u00a0 \u00a0 \u00a0 \u00a0 \u00a0 \u00a0 \u00a0 \u00a0 \u00a0 \u00a0 \u00a0 \u00a0 \u00a0 \u00a0 \u00a0 \u00a0 \u00a0 \u00a0 \u00a0 \u00a0 \u00a0<\/strong><\/h3>\n","protected":false},"excerpt":{"rendered":"<p>&nbsp; Talvez, ainda fa\u00e7amos parte do universo, n\u00e3o sei como \u00e9 fazer parte da mat\u00e9ria de outra forma que n\u00e3o<\/p>\n","protected":false},"author":3,"featured_media":4390,"comment_status":"closed","ping_status":"closed","sticky":true,"template":"","format":"standard","meta":{"footnotes":""},"categories":[11],"tags":[],"_links":{"self":[{"href":"https:\/\/www.espacosocialista.org\/portal\/wp-json\/wp\/v2\/posts\/4389"}],"collection":[{"href":"https:\/\/www.espacosocialista.org\/portal\/wp-json\/wp\/v2\/posts"}],"about":[{"href":"https:\/\/www.espacosocialista.org\/portal\/wp-json\/wp\/v2\/types\/post"}],"author":[{"embeddable":true,"href":"https:\/\/www.espacosocialista.org\/portal\/wp-json\/wp\/v2\/users\/3"}],"replies":[{"embeddable":true,"href":"https:\/\/www.espacosocialista.org\/portal\/wp-json\/wp\/v2\/comments?post=4389"}],"version-history":[{"count":3,"href":"https:\/\/www.espacosocialista.org\/portal\/wp-json\/wp\/v2\/posts\/4389\/revisions"}],"predecessor-version":[{"id":4393,"href":"https:\/\/www.espacosocialista.org\/portal\/wp-json\/wp\/v2\/posts\/4389\/revisions\/4393"}],"wp:featuredmedia":[{"embeddable":true,"href":"https:\/\/www.espacosocialista.org\/portal\/wp-json\/wp\/v2\/media\/4390"}],"wp:attachment":[{"href":"https:\/\/www.espacosocialista.org\/portal\/wp-json\/wp\/v2\/media?parent=4389"}],"wp:term":[{"taxonomy":"category","embeddable":true,"href":"https:\/\/www.espacosocialista.org\/portal\/wp-json\/wp\/v2\/categories?post=4389"},{"taxonomy":"post_tag","embeddable":true,"href":"https:\/\/www.espacosocialista.org\/portal\/wp-json\/wp\/v2\/tags?post=4389"}],"curies":[{"name":"wp","href":"https:\/\/api.w.org\/{rel}","templated":true}]}}