{"id":4413,"date":"2016-02-12T21:49:50","date_gmt":"2016-02-12T23:49:50","guid":{"rendered":"http:\/\/espacosocialista.org\/portal\/?p=4413"},"modified":"2018-05-01T00:41:16","modified_gmt":"2018-05-01T03:41:16","slug":"jornal-86-lutar-contra-o-desemprego-a-inflacao-e-a-reforma-da-previdencia","status":"publish","type":"post","link":"https:\/\/www.espacosocialista.org\/portal\/2016\/02\/jornal-86-lutar-contra-o-desemprego-a-inflacao-e-a-reforma-da-previdencia\/","title":{"rendered":"Jornal 86: Lutar contra o desemprego, a infla\u00e7\u00e3o e a reforma da previd\u00eancia"},"content":{"rendered":"<style type=\"text\/css\"><!-- p { text-indent: 0.28in; margin-bottom: 0.1in; direction: ltr; line-height: 120%; text-align: justify; orphans: 2; widows: 2; }p.western { font-family: \"Garamond\",serif; font-size: 11pt; }p.cjk { font-family: \"Courier New\"; font-size: 11pt; }p.ctl { font-family: \"Times New Roman\"; font-size: 11pt; } --><\/style>\n<h1 lang=\"pt-BR\" style=\"text-align: left;\"><a href=\"http:\/\/espacosocialista.org\/portal\/wp-content\/uploads\/2016\/02\/1.jpg\"><img decoding=\"async\" loading=\"lazy\" class=\"alignright\" src=\"http:\/\/espacosocialista.org\/portal\/wp-content\/uploads\/2016\/02\/1-300x204.jpg\" alt=\"1\" width=\"300\" height=\"204\" \/><\/a>Sai Joaquim Levy, entra Barbosa: mudar para ficar como est\u00e1<\/h1>\n<p lang=\"pt-BR\">Sem surpreender, Joaquim Levy deixou o governo Dilma. Em seu lugar, entra Barbosa \u2013 que estava no minist\u00e9rio do planejamento. Mas, o que muda na pol\u00edtica econ\u00f4mica do governo Dilma? Nada! Pelo contr\u00e1rio, as medidas de austeridade contra os direitos dos trabalhadores devem ser ainda mais duras.<\/p>\n<p lang=\"pt-BR\">Levy estava muito questionado por setores do PT, do movimento social dirigido pelo PT (CUT, sindicatos etc.) e at\u00e9 pelo MTST que, equivocadamente, trabalha com a ilus\u00e3o de que o problema \u00e9 quem ocupa o minist\u00e9rio e n\u00e3o o pr\u00f3prio modelo econ\u00f4mico implementado no pa\u00eds.<\/p>\n<p lang=\"pt-BR\">Levy tamb\u00e9m caiu por n\u00e3o ter for\u00e7a pol\u00edtica suficiente para impor um novo pacote de medidas que aprofundam o arrocho e retirada de direitos. Nelson Barbosa, ao n\u00e3o estar desgastado e por poder contar com a complac\u00eancia do movimento social pelego e governista, tem mais condi\u00e7\u00f5es de impor as medidas exigidas pelos empres\u00e1rios e banqueiros \u2013 mais uma reforma da previd\u00eancia e a aprova\u00e7\u00e3o da CPMF que, mesmo descontada de todos, s\u00e3o repassadas aos pre\u00e7os finais, ou seja, quem de fato paga s\u00e3o os trabalhadores e a popula\u00e7\u00e3o pobre.<\/p>\n<h1 lang=\"pt-BR\">Medidas para agradar banqueiros e empres\u00e1rios<\/h1>\n<p lang=\"pt-BR\">Com essa mudan\u00e7a no minist\u00e9rio, Dilma sinaliza aos burgueses que n\u00e3o haver\u00e1 mudan\u00e7as na pol\u00edtica de ajuste fiscal, do aumento dos juros, o que garante \u00e0 classe dominante a manuten\u00e7\u00e3o dos seus lucros \u00e0s custas dos direitos dos trabalhadores. Ou seja, o que ele aplicar\u00e1 vai se somar \u00e0s medidas do ajuste fiscal, do adiamento da recomposi\u00e7\u00e3o salarial do funcionalismo (fim do abono perman\u00eancia e cancelamento de concursos p\u00fablicos), mudan\u00e7as nas regras dos benef\u00edcios previdenci\u00e1rios e do seguro desemprego.<\/p>\n<p lang=\"pt-BR\">Portanto, n\u00e3o se trata de nenhum \u201cgiro \u00e0 esquerda\u201d desse governo: Nelson Barbosa foi nomeado para seguir com essa pol\u00edtica contr\u00e1ria ao trabalhador, como bem disse ao se reunir com \u201cinvestidores\u201d (leia-se especuladores que lucram com o dinheiro p\u00fablico), assegurando que continuar\u00e1 com o ajuste e \u2013 segundo ele \u2013 \u201co compromisso com a estabilidade fiscal est\u00e1 mantido\u201d.<\/p>\n<h1 lang=\"pt-BR\">Mais uma reforma da previd\u00eancia<\/h1>\n<p lang=\"pt-BR\">Uma das caracter\u00edsticas dos governos petistas \u00e9 \u201cfatiar\u201d os ataques. De modo diferente do que fazia o PSDB, normalmente vai aplicando as medidas aos poucos, atingindo um setor por vez e procurando impedir que aconte\u00e7a uma uni\u00e3o de todos contra os ataques.<\/p>\n<p lang=\"pt-BR\">Nas reformas da previd\u00eancia anteriores promovidas pelos governos petistas, o funcionalismo p\u00fablico foi a principal v\u00edtima \u2013 e mesmo assim n\u00e3o atingia todo mundo.<\/p>\n<p lang=\"pt-BR\">Imposi\u00e7\u00e3o de idade m\u00ednima, fim do sal\u00e1rio integral (primeiro com um \u00edndice de 80% da m\u00e9dia dos \u00faltimos sal\u00e1rios e, mais recentemente, impondo o mesmo teto do regime geral \u2013 CLT) para os novos contratados e, na pr\u00e1tica, impondo o fim da paridade entre os aposentados e os trabalhadores da ativa.<\/p>\n<p lang=\"pt-BR\">Depois de mudar radicalmente o modelo previdenci\u00e1rio dos trabalhadores p\u00fablicos, as medidas pol\u00edticas agora se voltam contra os trabalhadores celetistas.<\/p>\n<p lang=\"pt-BR\">No ano passado, al\u00e9m da manuten\u00e7\u00e3o do fator previdenci\u00e1rio (para n\u00e3o haver redu\u00e7\u00e3o dr\u00e1stica no sal\u00e1rio, deve-se contribuir e trabalhar mais tempo), o governo criou o modelo 85\/95 \u2013 para aposentar sem o fator previdenci\u00e1rio, \u00e9 necess\u00e1rio que a soma da idade e do tempo da contribui\u00e7\u00e3o da pessoa some 85 (mulheres) ou 95 (homens).<\/p>\n<p lang=\"pt-BR\">Pela nova proposta de reforma, Nelson Barbosa quer impor a idade m\u00ednima para se aposentar, ou seja, teremos que trabalhar muito mais tempo par ter direito a esse benef\u00edcio. Fala-se da necessidade de os homens terem 65 anos e mulheres 60, que devem ser combinado com 35 anos de contribui\u00e7\u00e3o para os homens e 30 para as mulheres.<\/p>\n<h1 lang=\"pt-BR\">A previd\u00eancia n\u00e3o \u00e9 deficit\u00e1ria<\/h1>\n<p lang=\"pt-BR\">Um dos argumentos do governo \u00e9: a previd\u00eancia social \u00e9 deficit\u00e1ria. Para assustar e chantagear os trabalhadores, o governo diz que pode chegar a 3 trilh\u00f5es de reais em 2050 e, por isso, o governo precisa se preparar para o sistema n\u00e3o se quebrar. Tamb\u00e9m, segundo o governo, at\u00e9 o fim deste ano esse d\u00e9ficit seria de aproximadamente de 120 bilh\u00f5es de reais.<\/p>\n<p lang=\"pt-BR\">A solu\u00e7\u00e3o, ent\u00e3o, seria mexer na aposentadoria. Lembremos que, no ano passado, o aux\u00edlio doen\u00e7a e as pens\u00f5es por morte j\u00e1 sofreram cortes dr\u00e1sticos.<\/p>\n<p lang=\"pt-BR\">\u00c9 mentira que a previd\u00eancia \u00e9 deficit\u00e1ria. Pelo contr\u00e1rio, ela \u00e9 superavit\u00e1ria. Muitos s\u00e3o os que provam a falsidade dos dados do governo, utilizados para justificar mais um ataque sobre os direitos dos trabalhadores.<\/p>\n<p lang=\"pt-BR\">S\u00f3 para termos uma ideia, segundo a Associa\u00e7\u00e3o Nacional dos Auditores Fiscais da Receita Federal do Brasil (Anfip), em 2013, a seguridade social teve um super\u00e1vit de 76 bilh\u00f5es de reais.<\/p>\n<h1 lang=\"pt-BR\">As trapa\u00e7as do governo<\/h1>\n<p lang=\"pt-BR\">J\u00e1 para o governo, no mesmo ano de 2013, houve um d\u00e9ficit de 83 bilh\u00f5es. Por tr\u00e1s dessa diverg\u00eancia est\u00e3o as chamadas manobras fiscais \u2013 mecanismos fraudulentos, que transformam algo que \u00e9 superavit\u00e1rio em deficit\u00e1rio.<\/p>\n<p lang=\"pt-BR\">Mas como fazem essa m\u00e1gica? S\u00e3o v\u00e1rios mecanismos:<\/p>\n<ul>\n<li>\n<p lang=\"pt-BR\">O governo deixa \u2013 mesmo sendo determina\u00e7\u00e3o da constitui\u00e7\u00e3o \u2013 de computar como entrada no caixa alguns impostos como o COFINS, CLL e receita de jogos como a Mega-Sena;<\/p>\n<\/li>\n<li>\n<p lang=\"pt-BR\">Desvincula o or\u00e7amento da previd\u00eancia da seguridade social;<\/p>\n<\/li>\n<li>\n<p lang=\"pt-BR\">Desvincula\u00e7\u00e3o da receita da Uni\u00e3o (DRU) \u2013 em alguns anos, de mais de 20% &#8211; do or\u00e7amento da seguridade social, ou seja: parte dos recursos s\u00e3o destinados a outros \u00f3rg\u00e3os ou mesmo para o super\u00e1vit prim\u00e1rio, que \u00e9 destinado ao pagamento da d\u00edvida p\u00fablica;<\/p>\n<\/li>\n<li>\n<p lang=\"pt-BR\">N\u00e3o fiscaliza e nem cobra os grandes devedores (grandes empresas que devem para a previd\u00eancia). O pior \u00e9 que, al\u00e9m de n\u00e3o pagarem sua parte, ainda descontam a contribui\u00e7\u00e3o dos trabalhadores diretamente de seu hollerit e n\u00e3o repassam para a previd\u00eancia social;<\/p>\n<\/li>\n<li>\n<p lang=\"pt-BR\">As concess\u00f5es que o governo fez para v\u00e1rios setores do empresariado, com a desonera\u00e7\u00e3o da folha de pagamento (as empresas passaram a contribuir para a previd\u00eancia n\u00e3o mais sobre a folha de pagamento, mas sobre o faturamento) fez com que a previd\u00eancia deixasse de arrecadar mais de 70 bilh\u00f5es de reais at\u00e9 o ano de 2014.<\/p>\n<\/li>\n<\/ul>\n<p lang=\"pt-BR\">Como se v\u00ea, a previd\u00eancia n\u00e3o \u00e9 deficit\u00e1ria. O governo, maquiando os n\u00fameros, falsifica os dados para fazer a previd\u00eancia parecer deficit\u00e1ria.<\/p>\n<p lang=\"pt-BR\">Sabemos que as reformas implementadas nos \u00faltimos anos (iniciada pelo PSDB e aprofundada pelos governos petistas) t\u00eam como objetivo fazer sobrar mais dinheiro para repassar para as empresas e para os bancos (com o pagamento das d\u00edvidas).<\/p>\n<p lang=\"pt-BR\">Por isso, a nossa organiza\u00e7\u00e3o ser\u00e1 fundamental para barrar mais esse ataque aos nossos direitos. S\u00f3 a luta e a organiza\u00e7\u00e3o da classe trabalhadora poder\u00e3o fazer essas medidas do governo e empres\u00e1rios recuarem.<\/p>\n<h1 lang=\"pt-BR\">Seguridade social e previd\u00eancia social<\/h1>\n<p lang=\"pt-BR\">Na Seguridade social est\u00e3o inseridos tr\u00eas programas sociais: sa\u00fade, assist\u00eancia social e previd\u00eancia social, que s\u00e3o regulados pela Constitui\u00e7\u00e3o Federal. Por isso que, para mudar a previd\u00eancia social, \u00e9 necess\u00e1rio mudar a Constitui\u00e7\u00e3o Federal.<\/p>\n<p lang=\"pt-BR\">A sa\u00fade e a assist\u00eancia social n\u00e3o exigem nenhum tipo de contribui\u00e7\u00e3o para ter acesso. J\u00e1 a previd\u00eancia social, que regula os benef\u00edcios previdenci\u00e1rios (pens\u00e3o por morte, auxilio doen\u00e7a, aposentadoria e outros), exige contribui\u00e7\u00e3o para fazer jus aos benef\u00edcios. Por isso \u00e9 descontado mensalmente dos trabalhadores um porcentual do sal\u00e1rio como contribui\u00e7\u00e3o.<\/p>\n<p lang=\"pt-BR\">O financiamento do sistema de seguridade social v\u00eam das contribui\u00e7\u00f5es previdenci\u00e1rias (de empregadores e empregados), da Contribui\u00e7\u00e3o para o Financiamento da Seguridade Social (COFINS), da Contribui\u00e7\u00e3o Social sobre o Lucro L\u00edquido (CSLL), da contribui\u00e7\u00e3o ao\u00a0PIS-Pasep\u00a0e outras, incluindo uma parcela da arrecada\u00e7\u00e3o com as loterias.<\/p>\n<h1 lang=\"pt-BR\">Desemprego e infla\u00e7\u00e3o: um programa oper\u00e1rio para enfrentar esses males do capitalismo<\/h1>\n<p lang=\"pt-BR\">Os dados sobre desemprego do m\u00eas de janeiro indicam que mais de 1 milh\u00e3o e quinhentos mil pessoas perderam o emprego nos \u00faltimos 12 meses. E estamos falando s\u00f3 de trabalhadores com carteira assinada. Segundo a OIT (Organiza\u00e7\u00e3o Internacional do Trabalho), em 2016 ser\u00e3o mais 700 mil trabalhadores desempregados \u2013 assim, a situa\u00e7\u00e3o tende a ser muito pior.<\/p>\n<p lang=\"pt-BR\">S\u00e3o, segundo o governo, mais de 10 milh\u00f5es de desempregados no pa\u00eds.<\/p>\n<p lang=\"pt-BR\">Quando tratamos da popula\u00e7\u00e3o \u201cdesocupada\u201d (os que em idade apta para o trabalho \u2013 popula\u00e7\u00e3o economicamente ativa \u2013, mas n\u00e3o est\u00e3o trabalhando), a situa\u00e7\u00e3o \u00e9 ainda mais grave, pois 44% das pessoas est\u00e3o desocupadas.<\/p>\n<p lang=\"pt-BR\">Sabemos das consequ\u00eancias sociais para a classe trabalhadora desempregada: pois sequer tem o direito de vender a sua for\u00e7a de trabalho e, consequentemente, tem amea\u00e7ados o transporte, a moradia, a alimenta\u00e7\u00e3o, enfim: encontra-se num constante risco de ser condenada \u00e0 mis\u00e9ria.<\/p>\n<p lang=\"pt-BR\">Por isso, no nosso entender, a luta contra o desemprego \u00e9 uma das principais tarefas colocadas para o movimento social. Organizar os trabalhadores empregados e desempregados para, juntos, lutar pela estabilidade no emprego, redu\u00e7\u00e3o da jornada de trabalho para que tod@s tenham emprego, assim como outras propostas de luta.<\/p>\n<p lang=\"pt-BR\">N\u00e3o podemos pensar nesta campanha realizada apenas por desempregados, mas sim por trabalhadores empregados, nos sindicatos, na organiza\u00e7\u00e3o de comit\u00eas de luta contra o desemprego, enfim, \u00e9 uma campanha que deve envolver os desempregados, mas tamb\u00e9m todos aqueles que podem ficar desempregados.<\/p>\n<p lang=\"pt-BR\">Soma-se ao desemprego a infla\u00e7\u00e3o, impulsionada pelo aumento das tarifas p\u00fablicas, ou daquilo que \u00e9 autorizado pelos governos federal, estaduais e municipais: conta de luz, conta de \u00e1gua, gasolina, transporte p\u00fablico etc.<\/p>\n<p lang=\"pt-BR\">Sabemos bem que a infla\u00e7\u00e3o \u00e9 prejudicial a classe trabalhadora que v\u00ea seu poder de compra reduzido (gasta-se mais para comprar os bens necess\u00e1rios), o sal\u00e1rio \u00e9 arrochado e desvalorizado porque a data-base ocorre s\u00f3 uma vez por ano e, mesmo assim, \u00e9 para repor o que j\u00e1 se perdeu (e o sal\u00e1rio nunca alcan\u00e7a os pre\u00e7os).<\/p>\n<p lang=\"pt-BR\">E a tend\u00eancia \u00e9 os pre\u00e7os continuarem subindo.<\/p>\n<p lang=\"pt-BR\">Sabemos, tamb\u00e9m, que a infla\u00e7\u00e3o prejudica s\u00f3 a classe trabalhadora, primeiro, porque os patr\u00f5es \u2013 para garantir a manuten\u00e7\u00e3o dos seus lucros \u2013 imediatamente repassam o aumento da infla\u00e7\u00e3o para os pre\u00e7os de seus produtos, segundo, que \u2013 como, em regra, os sal\u00e1rios n\u00e3o acompanham o aumento do custo de vida \u2013 \u00e9 uma forma de a patronal aumentar a extra\u00e7\u00e3o de mais valia.<\/p>\n<p lang=\"pt-BR\">Entre tantos, esses dois problemas, decorrentes da economia capitalista, exigem de n\u00f3s um esfor\u00e7o para ganhar a classe trabalhadora para enfrenta-los e, ao mesmo tempo, apresentar as propostas dos revolucion\u00e1rios sobre essas quest\u00f5es, como congelamento de pre\u00e7os, sob controle dos trabalhadores, fim dos intermedi\u00e1rios entre os produtores e os consumidores, reforma agr\u00e1ria (para aumentar a oferta de produtos), expropria\u00e7\u00e3o do agroneg\u00f3cio e redu\u00e7\u00e3o da jornada de trabalho (para garantir emprego para tod@s).<\/p>\n<h1 lang=\"pt-BR\">Construir o \u201ccampo\u201d dos trabalhadores<\/h1>\n<p lang=\"pt-BR\">Muitos setores de esquerda t\u00eam se referido \u00e0 constru\u00e7\u00e3o de um \u201cterceiro campo\u201d na disputa pol\u00edtica nacional, como forma de se contrapor ao \u201ccampo do PT\u201d e ao \u201ccampo da oposi\u00e7\u00e3o burguesa\u201d.<\/p>\n<p lang=\"pt-BR\">Achamos equivocado utilizar essa express\u00e3o, pois ela carrega um significado pol\u00edtico que mais confunde do que explica a atual forma das alian\u00e7as entre as fra\u00e7\u00f5es do capital.<\/p>\n<p lang=\"pt-BR\">Hoje, os partidos governistas e os da oposi\u00e7\u00e3o burguesa n\u00e3o divergem do projeto econ\u00f4mico em andamento no pa\u00eds, tanto que todas as medidas do ajuste fiscal foram aprovadas com o apoio entusiasta dos partidos da oposi\u00e7\u00e3o burguesa.<\/p>\n<p lang=\"pt-BR\">Por isso, entendemos que o governo e a oposi\u00e7\u00e3o burguesa fazem parte de um mesmo campo: o do capital. Assim, \u00e9 fundamental a constru\u00e7\u00e3o do campo dos trabalhadores e dos explorados para fazer frente aos ataques do capital.<\/p>\n<p lang=\"pt-BR\">Nos parece que trabalhar com o conceito da constru\u00e7\u00e3o do campo dos trabalhadores permite incidir sobre o desenvolvimento e fortalecimento de uma consci\u00eancia socialista no interior da classe trabalhadora, de modo que a classe identifique tanto o governo petista, quanto os demais partidos burgueses, como inimigos de classe.<\/p>\n<p lang=\"pt-BR\">Para o fortalecimento e constru\u00e7\u00e3o concreta desse campo dos trabalhadores a organiza\u00e7\u00e3o de encontros setoriais, regionais e estaduais \u00e9 fundamental. Nesse sentido, nesse momento, a constru\u00e7\u00e3o do Espa\u00e7o Unidade de A\u00e7\u00e3o nas regi\u00f5es \u00e9 um passo importante neste sentido.<\/p>\n<h1 lang=\"pt-BR\">Organizar a luta contra os ataques aos direitos<\/h1>\n<p lang=\"pt-BR\">Para fazer frente a esses ataques, \u00e9 fundamental que as organiza\u00e7\u00f5es de esquerda e as dos movimentos sociais orientem seus esfor\u00e7os para a constru\u00e7\u00e3o de um processo de mobiliza\u00e7\u00e3o e de enfrentamento aos governos e seus planos de ataque aos direitos da classe trabalhadora.<\/p>\n<p lang=\"pt-BR\">Para isso, pensamos ser fundamental algumas iniciativas:<\/p>\n<ul>\n<li>\n<p lang=\"pt-BR\">Impulsionar a organiza\u00e7\u00e3o de comit\u00eas contra o desemprego e em defesa do emprego;<\/p>\n<\/li>\n<li>\n<p lang=\"pt-BR\">\u00adUm programa anticapitalista e socialista para responder \u00e0 crise do ponto de vista da classe trabalhadora;<\/p>\n<\/li>\n<li>\n<p lang=\"pt-BR\">A constru\u00e7\u00e3o, em mar\u00e7o, de um dia nacional de lutas, com\u00a0paralisa\u00e7\u00f5es nos locais e manifesta\u00e7\u00f5es, bloqueio de ruas e rodovias e todas as iniciativas poss\u00edveis na base das categorias e nos estados;<\/p>\n<\/li>\n<li>\n<p lang=\"pt-BR\">Uma plen\u00e1ria nacional de ativistas e lutadores para debater esse programa e formas de organizar e unificar a luta nacionalmente<\/p>\n<\/li>\n<\/ul>\n","protected":false},"excerpt":{"rendered":"<p>Sai Joaquim Levy, entra Barbosa: mudar para ficar como est\u00e1 Sem surpreender, Joaquim Levy deixou o governo Dilma. Em seu<\/p>\n","protected":false},"author":3,"featured_media":4414,"comment_status":"closed","ping_status":"closed","sticky":false,"template":"","format":"standard","meta":{"footnotes":""},"categories":[73,6,63],"tags":[],"_links":{"self":[{"href":"https:\/\/www.espacosocialista.org\/portal\/wp-json\/wp\/v2\/posts\/4413"}],"collection":[{"href":"https:\/\/www.espacosocialista.org\/portal\/wp-json\/wp\/v2\/posts"}],"about":[{"href":"https:\/\/www.espacosocialista.org\/portal\/wp-json\/wp\/v2\/types\/post"}],"author":[{"embeddable":true,"href":"https:\/\/www.espacosocialista.org\/portal\/wp-json\/wp\/v2\/users\/3"}],"replies":[{"embeddable":true,"href":"https:\/\/www.espacosocialista.org\/portal\/wp-json\/wp\/v2\/comments?post=4413"}],"version-history":[{"count":5,"href":"https:\/\/www.espacosocialista.org\/portal\/wp-json\/wp\/v2\/posts\/4413\/revisions"}],"predecessor-version":[{"id":6011,"href":"https:\/\/www.espacosocialista.org\/portal\/wp-json\/wp\/v2\/posts\/4413\/revisions\/6011"}],"wp:featuredmedia":[{"embeddable":true,"href":"https:\/\/www.espacosocialista.org\/portal\/wp-json\/wp\/v2\/media\/4414"}],"wp:attachment":[{"href":"https:\/\/www.espacosocialista.org\/portal\/wp-json\/wp\/v2\/media?parent=4413"}],"wp:term":[{"taxonomy":"category","embeddable":true,"href":"https:\/\/www.espacosocialista.org\/portal\/wp-json\/wp\/v2\/categories?post=4413"},{"taxonomy":"post_tag","embeddable":true,"href":"https:\/\/www.espacosocialista.org\/portal\/wp-json\/wp\/v2\/tags?post=4413"}],"curies":[{"name":"wp","href":"https:\/\/api.w.org\/{rel}","templated":true}]}}