{"id":4573,"date":"2016-04-06T21:12:31","date_gmt":"2016-04-07T00:12:31","guid":{"rendered":"http:\/\/espacosocialista.org\/portal\/?p=4573"},"modified":"2016-04-06T21:30:24","modified_gmt":"2016-04-07T00:30:24","slug":"resolucoes-sobre-situacao-internacional-da-conferencia-de-2015","status":"publish","type":"post","link":"https:\/\/www.espacosocialista.org\/portal\/2016\/04\/resolucoes-sobre-situacao-internacional-da-conferencia-de-2015\/","title":{"rendered":"Resolu\u00e7\u00f5es sobre situa\u00e7\u00e3o internacional da Confer\u00eancia de 2015"},"content":{"rendered":"<p><a href=\"http:\/\/espacosocialista.org\/portal\/wp-content\/uploads\/2016\/04\/Internacional.pdf\" rel=\"attachment wp-att-4575\"><img decoding=\"async\" loading=\"lazy\" class=\"alignnone size-full wp-image-4575\" alt=\"Resolues sobre situao internacional\" src=\"http:\/\/espacosocialista.org\/portal\/wp-content\/uploads\/2016\/04\/Resolues-sobre-situao-internacional-.jpg\" width=\"398\" height=\"540\" srcset=\"https:\/\/www.espacosocialista.org\/portal\/wp-content\/uploads\/2016\/04\/Resolues-sobre-situao-internacional-.jpg 398w, https:\/\/www.espacosocialista.org\/portal\/wp-content\/uploads\/2016\/04\/Resolues-sobre-situao-internacional--221x300.jpg 221w\" sizes=\"(max-width: 398px) 100vw, 398px\" \/><\/a><\/p>\n<p>&nbsp;<\/p>\n<p>&nbsp;<\/p>\n<p>Divulgamos o nosso documento como parte do ac\u00famulo que se concretiza nas resolu\u00e7\u00f5es apresentadas publicamente sobre situa\u00e7\u00e3o internacional aprovadas em nossa \u00faltima confer\u00eancia, em Novembro de 2015, como orienta\u00e7\u00e3o e subs\u00eddio aos debates no movimento.<\/p>\n","protected":false},"excerpt":{"rendered":"<p>&nbsp; &nbsp; Divulgamos o nosso documento como parte do ac\u00famulo que se concretiza nas resolu\u00e7\u00f5es apresentadas publicamente sobre situa\u00e7\u00e3o internacional<\/p>\n","protected":false},"author":3,"featured_media":4575,"comment_status":"closed","ping_status":"closed","sticky":true,"template":"","format":"standard","meta":{"footnotes":""},"categories":[5],"tags":[],"_links":{"self":[{"href":"https:\/\/www.espacosocialista.org\/portal\/wp-json\/wp\/v2\/posts\/4573"}],"collection":[{"href":"https:\/\/www.espacosocialista.org\/portal\/wp-json\/wp\/v2\/posts"}],"about":[{"href":"https:\/\/www.espacosocialista.org\/portal\/wp-json\/wp\/v2\/types\/post"}],"author":[{"embeddable":true,"href":"https:\/\/www.espacosocialista.org\/portal\/wp-json\/wp\/v2\/users\/3"}],"replies":[{"embeddable":true,"href":"https:\/\/www.espacosocialista.org\/portal\/wp-json\/wp\/v2\/comments?post=4573"}],"version-history":[{"count":8,"href":"https:\/\/www.espacosocialista.org\/portal\/wp-json\/wp\/v2\/posts\/4573\/revisions"}],"predecessor-version":[{"id":4590,"href":"https:\/\/www.espacosocialista.org\/portal\/wp-json\/wp\/v2\/posts\/4573\/revisions\/4590"}],"wp:featuredmedia":[{"embeddable":true,"href":"https:\/\/www.espacosocialista.org\/portal\/wp-json\/wp\/v2\/media\/4575"}],"wp:attachment":[{"href":"https:\/\/www.espacosocialista.org\/portal\/wp-json\/wp\/v2\/media?parent=4573"}],"wp:term":[{"taxonomy":"category","embeddable":true,"href":"https:\/\/www.espacosocialista.org\/portal\/wp-json\/wp\/v2\/categories?post=4573"},{"taxonomy":"post_tag","embeddable":true,"href":"https:\/\/www.espacosocialista.org\/portal\/wp-json\/wp\/v2\/tags?post=4573"}],"curies":[{"name":"wp","href":"https:\/\/api.w.org\/{rel}","templated":true}]}}