{"id":5137,"date":"2017-08-31T11:48:52","date_gmt":"2017-08-31T14:48:52","guid":{"rendered":"http:\/\/espacosocialista.org\/portal\/?p=5137"},"modified":"2017-08-31T11:48:52","modified_gmt":"2017-08-31T14:48:52","slug":"eleicoes-sindserv-pela-vitoria-da-chapa-4-em-santo-andre","status":"publish","type":"post","link":"https:\/\/www.espacosocialista.org\/portal\/2017\/08\/eleicoes-sindserv-pela-vitoria-da-chapa-4-em-santo-andre\/","title":{"rendered":"ELEI\u00c7\u00d5ES Sindserv: Pela vit\u00f3ria da chapa 4 em Santo Andr\u00e9!"},"content":{"rendered":"<p style=\"text-align: right;\">Por Ven\u00e2ncio Favero e Carlos Eduardo Costa, servidores municipais de Santo Andr\u00e9.<\/p>\n<p>Os \u00faltimos tempos est\u00e3o sendo dif\u00edceis para os servidores de Santo Andr\u00e9: encaram ao mesmo tempo e de forma conjunta as pol\u00edticas de Temer e de seu representante na cidade, Paulo Serra, que desde que entrou, para garantir o lucro do empresariado e os privil\u00e9gios dos ricos da cidade, vem sistematicamente retirando dinheiro da sa\u00fade, educa\u00e7\u00e3o e seguran\u00e7a p\u00fablica.<\/p>\n<p>Paulo Serra tem sucateado cada vez mais os servi\u00e7os que j\u00e1 s\u00e3o oferecidos de forma prec\u00e1ria a popula\u00e7\u00e3o andreense: fechou sete unidades de sa\u00fade para \u201creforma\u201d e demitiu cerca de 150 funcion\u00e1rios desse setor; est\u00e1 cada vez precarizando o SEMASA, encaminhando-o para a sua privatiza\u00e7\u00e3o. Junto de Alckmin e Temer, Paulo Serra se esfor\u00e7a para retirar direitos dos servidores: enxuga cada centavo! O prefeito, por exemplo, j\u00e1 fala em &#8220;reajuste zero&#8221; para os servidores esse ano, enquanto a casta empresarial e pol\u00edtica da cidade seguem ampliando seus privil\u00e9gios.<\/p>\n<p>O sindicato tem um papel importante nesse contexto, \u00e9 preciso organizar os servidores e servidoras em um movimento de luta, que barre as contrarreformas de Paulo Serra e sirva de gatilho para barrar tamb\u00e9m as de Temer. As outras chapas, inclusive as que se dizem oposi\u00e7\u00e3o, fazem parte dos que sempre estiveram a\u00ed se revezando, ora juntos, ora separados, na gest\u00e3o do nosso sindicato. Chapa 1, 2 e 3, apesar de suas diferen\u00e7as pol\u00edticas, representam em alguma medida mais do mesmo: CUT, Fetam&#8230; que apesar de possu\u00edrem alguns quadros honestos e comprometidos com a luta dos trabalhadores, no limite est\u00e3o curvados a toda burocracia que j\u00e1 conhecemos. Foi a CUT que fez o que fez para boicotar a \u00faltima greve geral no Brasil contra as contrarreformas de Temer. Em Santo Andr\u00e9, na gest\u00e3o do Sindserv houve tanto desgaste que vimos nossa entidade vira palco de briga de burocratas. E querem novamente, cada chapa com seus quadros, o controle da m\u00e1quina sindical para darem cabo a seu projeto pol\u00edtico de concilia\u00e7\u00e3o de classes.<\/p>\n<p>No entanto queremos um sindicato combativo! E \u00e9 poss\u00edvel construir um movimento realmente comprometido com a luta dos trabalhadores em Santo Andr\u00e9! Precisamos de um sindicato que lute por direitos, pelo vale refei\u00e7\u00e3o a todos, pela redu\u00e7\u00e3o da jornada de trabalho sem redu\u00e7\u00e3o salarial, pela valoriza\u00e7\u00e3o real dos sal\u00e1rios, contra a privatiza\u00e7\u00e3o e a terceiriza\u00e7\u00e3o na defesa dos concursos p\u00fablicos, na luta contra as opress\u00f5es, enfrentar o ass\u00e9dio moral no trabalho. \u00c9 preciso construir um sindicato revolucion\u00e1rio para a cidade! E para isso \u00e9 preciso construir um sindicato que paute a quest\u00e3o do poder na cidade, isso \u00e9, de quem realmente decide na cidade.<br \/>\nTodo poder aos trabalhadores!<\/p>\n<p>Para a dire\u00e7\u00e3o do sindicato dos trabalhadores de Santo Andr\u00e9, Oposi\u00e7\u00e3o Alternativa, Chapa 4!<\/p>\n","protected":false},"excerpt":{"rendered":"<p>Por Ven\u00e2ncio Favero e Carlos Eduardo Costa, servidores municipais de Santo Andr\u00e9. Os \u00faltimos tempos est\u00e3o sendo dif\u00edceis para os<\/p>\n","protected":false},"author":11,"featured_media":5138,"comment_status":"closed","ping_status":"closed","sticky":true,"template":"","format":"standard","meta":{"footnotes":""},"categories":[21],"tags":[],"_links":{"self":[{"href":"https:\/\/www.espacosocialista.org\/portal\/wp-json\/wp\/v2\/posts\/5137"}],"collection":[{"href":"https:\/\/www.espacosocialista.org\/portal\/wp-json\/wp\/v2\/posts"}],"about":[{"href":"https:\/\/www.espacosocialista.org\/portal\/wp-json\/wp\/v2\/types\/post"}],"author":[{"embeddable":true,"href":"https:\/\/www.espacosocialista.org\/portal\/wp-json\/wp\/v2\/users\/11"}],"replies":[{"embeddable":true,"href":"https:\/\/www.espacosocialista.org\/portal\/wp-json\/wp\/v2\/comments?post=5137"}],"version-history":[{"count":1,"href":"https:\/\/www.espacosocialista.org\/portal\/wp-json\/wp\/v2\/posts\/5137\/revisions"}],"predecessor-version":[{"id":5139,"href":"https:\/\/www.espacosocialista.org\/portal\/wp-json\/wp\/v2\/posts\/5137\/revisions\/5139"}],"wp:featuredmedia":[{"embeddable":true,"href":"https:\/\/www.espacosocialista.org\/portal\/wp-json\/wp\/v2\/media\/5138"}],"wp:attachment":[{"href":"https:\/\/www.espacosocialista.org\/portal\/wp-json\/wp\/v2\/media?parent=5137"}],"wp:term":[{"taxonomy":"category","embeddable":true,"href":"https:\/\/www.espacosocialista.org\/portal\/wp-json\/wp\/v2\/categories?post=5137"},{"taxonomy":"post_tag","embeddable":true,"href":"https:\/\/www.espacosocialista.org\/portal\/wp-json\/wp\/v2\/tags?post=5137"}],"curies":[{"name":"wp","href":"https:\/\/api.w.org\/{rel}","templated":true}]}}