{"id":5178,"date":"2017-09-24T16:16:15","date_gmt":"2017-09-24T19:16:15","guid":{"rendered":"http:\/\/espacosocialista.org\/portal\/?p=5178"},"modified":"2017-09-24T16:16:30","modified_gmt":"2017-09-24T19:16:30","slug":"crise-politica-se-resolve-com-o-poder-da-classe-trabalhadora-e-nao-do-exercito","status":"publish","type":"post","link":"https:\/\/www.espacosocialista.org\/portal\/2017\/09\/crise-politica-se-resolve-com-o-poder-da-classe-trabalhadora-e-nao-do-exercito\/","title":{"rendered":"Crise pol\u00edtica se resolve com o poder da classe trabalhadora e n\u00e3o do ex\u00e9rcito"},"content":{"rendered":"<p class=\"western\" lang=\"pt-BR\">Encorajado por um processo de fortalecimento de ideias conservadoras e reacion\u00e1rias em meio ao descr\u00e9dito de Temer, do Congresso e do Judici\u00e1rio, o General Antonio Hamilton Martins Mour\u00e3o mais uma vez se pronuncia publicamente em defesa de uma interven\u00e7\u00e3o militar, ou seja, de um golpe militar.<\/p>\n<p class=\"western\" lang=\"pt-BR\">N\u00e3o \u00e9 a primeira vez que faz essa defesa. Em 2015, quando era comandante militar do Sul, j\u00e1 havia feito declara\u00e7\u00f5es no sentido de ir al\u00e9m do impeachment, ou seja, n\u00e3o apenas tirar Dilma mas que o comando do pa\u00eds fosse tomado pelos militares. Usou como argumento, como tantas outras vezes na hist\u00f3ria, que somente os militares, como for\u00e7a moral, poderiam p\u00f4r fim \u00e0 corrup\u00e7\u00e3o.<\/p>\n<p class=\"western\" lang=\"pt-BR\">Um argumento absurdo, j\u00e1 que tantas outras vezes na hist\u00f3ria as For\u00e7as Armada estiveram envolvidas na corrup\u00e7\u00e3o. No per\u00edodo da ditadura militar no Brasil, por exemplo, foram muitos os casos conhecidos, sem falar daqueles proibidos de serem divulgados.<\/p>\n<p class=\"western\" lang=\"pt-BR\">Para a corrup\u00e7\u00e3o h\u00e1 medidas concretas que podem ser adotadas como as defendidas por setores de esquerda, isto \u00e9, pris\u00e3o de corruptos e corruptores e expropria\u00e7\u00e3o de seus bens. No entanto, nenhum governo ou institui\u00e7\u00e3o burguesa aceita adotar medidas como essas, pois n\u00e3o existe sistema capitalista que sobreviva sem corrup\u00e7\u00e3o, largamente utilizada como forma de ampliar os neg\u00f3cios dos diversos grupos empresariais.<\/p>\n<h2 class=\"western\" lang=\"pt-BR\">Esse general est\u00e1 s\u00f3?<\/h2>\n<p class=\"western\" lang=\"pt-BR\">Com o avan\u00e7o da crise, das desigualdades sociais e da piora das condi\u00e7\u00f5es de vida, as a\u00e7\u00f5es da direita conservadora e reacion\u00e1ria tiveram como resultado o aumento do tamanho das Bancadas da Bala, da B\u00edblia, do Agroneg\u00f3cio e de outros grupos. E isso, evidentemente, contribuiu para que aumentassem o tom no Congresso, inclusive, colocando-se como \u201cv\u00edtimas\u201d de a\u00e7\u00e3o golpista. Bolsonaro e Cabo Daciolo s\u00e3o expoentes desse setor.<\/p>\n<p class=\"western\" lang=\"pt-BR\">A c\u00fapula das For\u00e7as Armadas que deveria punir pela \u201cquebra de hierarquia\u201d fez elogios ao considerado \u201cgrande soldado, uma figura fant\u00e1stica, um gauch\u00e3o\u201d. Quanto \u00e0 cita\u00e7\u00e3o de que a c\u00fapula das For\u00e7as Armadas tamb\u00e9m concordaria com o golpe apenas se afirmou que \u201cdefendem a Constitui\u00e7\u00e3o e a legalidade\u201d. Nada mais irrelevante num momento em que a realidade faz com que a popula\u00e7\u00e3o deixe de acreditar e veja tudo com desconfian\u00e7a.<\/p>\n<p class=\"western\" lang=\"pt-BR\">Al\u00e9m de termos vivos, momentos hist\u00f3ricos como o caso do Chile em que Pinochet jurou lealdade ao Allende e \u00e0 Constitui\u00e7\u00e3o antes do sangrento golpe. A consequ\u00eancia disso tudo \u00e9 o fortalecimento de setores fascistas no interior das For\u00e7as Armadas.<\/p>\n<p class=\"western\" lang=\"pt-BR\">O Ministro da Defesa Raul Jungmann e o chefe do Ex\u00e9rcito seguiram na mesma dire\u00e7\u00e3o, sem nenhuma puni\u00e7\u00e3o ao general golpista. Portanto, est\u00e1 evidente que esse general n\u00e3o est\u00e1 s\u00f3.<\/p>\n<h2 class=\"western\" lang=\"pt-BR\">H\u00e1 um golpe a caminho?<\/h2>\n<p class=\"western\" lang=\"pt-BR\">Ainda n\u00e3o \u00e9 poss\u00edvel conhecermos a extens\u00e3o do apoio dado a essa posi\u00e7\u00e3o no interior das For\u00e7as Armadas, mas \u00e9 preciso barra-la e derrota-la. \u00c9 necess\u00e1rio tratar esse general como golpista para aplicar as medidas necess\u00e1rias de pris\u00e3o e retirada de cargo p\u00fablico.<\/p>\n<p class=\"western\" lang=\"pt-BR\">Al\u00e9m disso, a classe trabalhadora e toda a popula\u00e7\u00e3o precisam entender que essa sa\u00edda n\u00e3o vai resolver os nossos graves problemas econ\u00f4micos, pol\u00edticos e sociais e n\u00e3o podemos fazer eco e apoiar essa posi\u00e7\u00e3o.<\/p>\n<p class=\"western\" lang=\"pt-BR\">Por outro lado, observamos o completo sil\u00eancio de Temer e seus ministros, do Judici\u00e1rio, do Minist\u00e9rio P\u00fablico e de v\u00e1rias \u201clideran\u00e7as empresariais\u201d, assim como o papel da imprensa que trata o fato como simples not\u00edcia secund\u00e1ria. Esse sil\u00eancio tem um objetivo: servir de amea\u00e7a aos movimentos sociais no sentido de que \u201cas coisas podem piorar\u201d.<\/p>\n<p class=\"western\" lang=\"pt-BR\">Um golpe militar precisa do apoio do imperialismo, importante para garantir o reconhecimento internacional de um eventual governo golpista e tamb\u00e9m do grande empresariado industrial e financeiro.<\/p>\n<p class=\"western\" lang=\"pt-BR\">No entanto, as For\u00e7as Armadas brasileiras s\u00e3o dominadas por uma oficialidade que j\u00e1 tem liga\u00e7\u00f5es com as for\u00e7as de seguran\u00e7a estadunidense, atrav\u00e9s de opera\u00e7\u00f5es conjuntas, trocas de informa\u00e7\u00f5es, acordos e conv\u00eanios de repasses de recursos destinados \u00e0s \u201copera\u00e7\u00f5es especiais\u201d.<\/p>\n<p class=\"western\" lang=\"pt-BR\">Outra quest\u00e3o importante \u00e9 que as for\u00e7as de seguran\u00e7a de um pa\u00eds est\u00e3o a servi\u00e7o da classe dominante. Os discursos de defesa da ordem, das institui\u00e7\u00f5es, etc. s\u00e3o na verdade de defesa de melhores condi\u00e7\u00f5es para os capitalistas seguirem com seus lucros.<\/p>\n<p class=\"western\" lang=\"pt-BR\">H\u00e1 uma express\u00e3o ideol\u00f3gica de defesa expl\u00edcita da interven\u00e7\u00e3o militar, algo que n\u00e3o apresenta contraponto p\u00fablico dentre os militares. Isso basta para caracterizar como golpismo e fazer valer os elementos de puni\u00e7\u00e3o e pris\u00e3o desse general. Algo que j\u00e1 teria sido aplicado caso se tratasse de algum integrante da esquerda.<\/p>\n<h2 class=\"western\" lang=\"pt-BR\">Derrubar Temer com a luta dos trabalhadores<\/h2>\n<p class=\"western\" lang=\"pt-BR\">Temer, al\u00e9m de ser o governo mais impopular da hist\u00f3ria, em conluio com deputados corruptos e com os patr\u00f5es, colocou em andamento e conseguiu aprovar v\u00e1rios projetos contra os direitos da classe mesmo tendo todos os dias a divulga\u00e7\u00e3o de not\u00edcias de seu envolvimento em corrup\u00e7\u00e3o. Portanto, \u00e9 um governo que deve ser derrubado pela a\u00e7\u00e3o da classe trabalhadora.<\/p>\n<p class=\"western\" lang=\"pt-BR\">Mas, quando setores da burguesia e de parlamentares se unem para tirar governo n\u00e3o \u00e9 para fazer avan\u00e7ar nos direitos da classe trabalhadora, a retirada de Dilma \u00e9 exemplo disso. Isso ocorre para aprofundar ou agilizar os ataques. Dessa forma, nenhum governo militar poder\u00e1 resolver os nossos problemas.<\/p>\n<p class=\"western\" lang=\"pt-BR\">A primeira medida de governos ditatoriais \u00e9 reprimir a classe trabalhadora, impedindo-a de lutar. H\u00e1 restri\u00e7\u00f5es ao direito de se organizar nas entidades e nos partidos\/organiza\u00e7\u00f5es. Muitas vezes grupos fascistas civis se organizam em mil\u00edcias e com a prote\u00e7\u00e3o de militares provocam atrocidades, como foi o caso do CCC (Comando de Ca\u00e7a aos Comunistas) nos anos 1960\/70.<\/p>\n<p class=\"western\" lang=\"pt-BR\">Por isso, a organiza\u00e7\u00e3o da classe trabalhadora e as mobiliza\u00e7\u00f5es s\u00e3o fundamentais e em momentos de crise s\u00e3o determinantes para evitarmos que de fato a situa\u00e7\u00e3o piore cada vez mais e para que n\u00e3o passemos a trilhar a cada dia por caminhos de retrocesso, de medo e de falta de rea\u00e7\u00e3o e luta.<\/p>\n<h2 class=\"western\" lang=\"pt-BR\">Disputando sa\u00eddas<\/h2>\n<p class=\"western\" lang=\"pt-BR\">Nas crises profundas, como essa que vivemos, abrem-se disputas entre as classes sociais para impor qual o caminho a seguir. A burguesia, receosa de que a classe trabalhadora avance na consci\u00eancia de classe e compreenda a necessidade de fim da explora\u00e7\u00e3o, imp\u00f5e medidas de interesse pr\u00f3prio e quando n\u00e3o s\u00e3o conseguidas por \u201cmeios normais\u201d apela aos \u201cmeios extraordin\u00e1rios\u201d como os golpes militares, financiamento de mil\u00edcias, dentre outros meios.<\/p>\n<p class=\"western\" lang=\"pt-BR\">No entanto, nesse momento, n\u00e3o h\u00e1 indica\u00e7\u00e3o de que a burguesia de conjunto apoie um golpe, tanto pelo fato de ainda ter o controle da situa\u00e7\u00e3o quanto pela falta de um apoio internacional para medida, fundamental pela rela\u00e7\u00e3o de depend\u00eancia que a economia brasileira tem com o mercado mundial.<\/p>\n<p class=\"western\" lang=\"pt-BR\">Por\u00e9m, n\u00e3o fechamos os olhos para o avan\u00e7o de movimentos como esses das For\u00e7as Armadas e de sua presen\u00e7a na cena pol\u00edtica do pa\u00eds \u2013 atrav\u00e9s de a\u00e7\u00f5es de rua como no Rio de Janeiro e em outros estados \u2013 que diante do aumento da criminalidade contam com o apoio de parcelas da popula\u00e7\u00e3o.<\/p>\n<p class=\"western\" lang=\"pt-BR\">T\u00e3o pouco podemos negar as a\u00e7\u00f5es e ideias de outros setores conservadores e reacion\u00e1rios em andamento. Temos presenciado tamb\u00e9m a cada dia o aumento de afrontamentos como os do MBL, de decis\u00f5es judiciais contra movimentos sociais e ativistas, como o retorno da liminar da \u201cCura Gay\u201d, da aprova\u00e7\u00e3o do projeto \u201cEscola sem partido\u201d, como o retorno da PEC sobre a proibi\u00e7\u00e3o do aborto em qualquer caso, da liberdade para estupradores e abusadores, etc.<\/p>\n<p class=\"western\" lang=\"pt-BR\">Entendemos que a burguesia tem disputado e apresentado a todo momento as suas sa\u00eddas. Mas, a classe trabalhadora precisa assumir para si a luta contra todas essas a\u00e7\u00f5es e ideias conservadoras e reacion\u00e1rias, homof\u00f3bicas, machistas e racistas para que n\u00e3o ganhem ainda mais espa\u00e7o no cotidiano, que j\u00e1 \u00e9 de intensa explora\u00e7\u00e3o.<\/p>\n<p class=\"western\" lang=\"pt-BR\">Nesse sentido, \u00e9 urgente que a esquerda se coloque como alternativa para a solucionar a crise que prejudica a classe trabalhadora defendendo um programa com reivindica\u00e7\u00f5es econ\u00f4micas que favore\u00e7am a classe, que sejam anticapitalistas, por emprego, por direitos e pelo cancelamento das reformas, por moradia, por terra, contra a fome e pela vida! Essa \u00e9 a sa\u00edda para a luta da classe trabalhadora contra qualquer amea\u00e7a golpista.<\/p>\n<h2 class=\"western\" lang=\"pt-BR\">Pris\u00e3o para golpistas!<\/h2>\n<p class=\"western\" lang=\"pt-BR\">A defesa de golpe por parte da oficialidade das For\u00e7as Armadas deve ser imediatamente recha\u00e7ada. Sob qualquer aspecto declara\u00e7\u00f5es como essas constituem crime contra, inclusive, a legisla\u00e7\u00e3o burguesa mas devem ser consideradas crime contra a humanidade. As institui\u00e7\u00f5es j\u00e1 deram mostras de que n\u00e3o v\u00e3o criminalizar.<\/p>\n<p class=\"western\" lang=\"pt-BR\">Por outro lado, \u00e9 direito da base das For\u00e7as Armadas se organizar. A alta oficialidade \u00e9 recrutada nas camadas superiores da classe m\u00e9dia, ideologicamente ligadas \u00e0 burguesia. Defendem a burguesia. J\u00e1 a maioria da base \u00e9 oriunda de camadas populares e pode, muitas vezes, ter interesses distintos dos da alta oficialidade, o direito de se organizar e o de reivindicar podem, inclusive, dificultar a\u00e7\u00f5es golpistas. No entanto, isso n\u00e3o significa que pode surgir do interior das For\u00e7as Armadas movimentos de esquerda.<\/p>\n<p class=\"western\" lang=\"pt-BR\">Portanto, s\u00f3 a classe trabalhadora organizada e mobilizada pode derrotar movimentos golpistas. Cabe aos movimentos sociais e a esquerda uma ampla campanha unit\u00e1ria de den\u00fancia desse general para pris\u00e3o e perda do cargo p\u00fablico, contra qualquer iniciativa e alus\u00e3o a golpe militar, por menor que sejam.<\/p>\n<p class=\"western\" lang=\"pt-BR\">Contra qualquer amea\u00e7a de golpe militar! Pris\u00e3o e perda de cargo! Por um poder da classe trabalhadora!!!<\/p>\n","protected":false},"excerpt":{"rendered":"<p>Encorajado por um processo de fortalecimento de ideias conservadoras e reacion\u00e1rias em meio ao descr\u00e9dito de Temer, do Congresso e<\/p>\n","protected":false},"author":3,"featured_media":5181,"comment_status":"closed","ping_status":"closed","sticky":true,"template":"","format":"standard","meta":{"footnotes":""},"categories":[21],"tags":[],"_links":{"self":[{"href":"https:\/\/www.espacosocialista.org\/portal\/wp-json\/wp\/v2\/posts\/5178"}],"collection":[{"href":"https:\/\/www.espacosocialista.org\/portal\/wp-json\/wp\/v2\/posts"}],"about":[{"href":"https:\/\/www.espacosocialista.org\/portal\/wp-json\/wp\/v2\/types\/post"}],"author":[{"embeddable":true,"href":"https:\/\/www.espacosocialista.org\/portal\/wp-json\/wp\/v2\/users\/3"}],"replies":[{"embeddable":true,"href":"https:\/\/www.espacosocialista.org\/portal\/wp-json\/wp\/v2\/comments?post=5178"}],"version-history":[{"count":2,"href":"https:\/\/www.espacosocialista.org\/portal\/wp-json\/wp\/v2\/posts\/5178\/revisions"}],"predecessor-version":[{"id":5183,"href":"https:\/\/www.espacosocialista.org\/portal\/wp-json\/wp\/v2\/posts\/5178\/revisions\/5183"}],"wp:featuredmedia":[{"embeddable":true,"href":"https:\/\/www.espacosocialista.org\/portal\/wp-json\/wp\/v2\/media\/5181"}],"wp:attachment":[{"href":"https:\/\/www.espacosocialista.org\/portal\/wp-json\/wp\/v2\/media?parent=5178"}],"wp:term":[{"taxonomy":"category","embeddable":true,"href":"https:\/\/www.espacosocialista.org\/portal\/wp-json\/wp\/v2\/categories?post=5178"},{"taxonomy":"post_tag","embeddable":true,"href":"https:\/\/www.espacosocialista.org\/portal\/wp-json\/wp\/v2\/tags?post=5178"}],"curies":[{"name":"wp","href":"https:\/\/api.w.org\/{rel}","templated":true}]}}