{"id":5284,"date":"2017-11-13T01:35:20","date_gmt":"2017-11-13T03:35:20","guid":{"rendered":"http:\/\/espacosocialista.org\/portal\/?p=5284"},"modified":"2018-05-28T17:05:09","modified_gmt":"2018-05-28T20:05:09","slug":"o-capitalismo-e-racismo","status":"publish","type":"post","link":"https:\/\/www.espacosocialista.org\/portal\/2017\/11\/o-capitalismo-e-racismo\/","title":{"rendered":"Capitalismo e racismo"},"content":{"rendered":"<p>Na hist\u00f3ria da humanidade, s\u00f3 o modo de produ\u00e7\u00e3o capitalista escravizou pessoas por conta da cor da pele. \u00a0E lucrou muito com essa escraviza\u00e7\u00e3o. Mas se engana quem pensa que isso est\u00e1 no passado.<br \/>\nMesmo com a \u201caboli\u00e7\u00e3o da escravid\u00e3o\u201d e a \u201cliberdade do trabalho assalariado\u201d, os capitalistas para retomarem seus lucros intensificam a explora\u00e7\u00e3o sobre trabalhadores negros e negras. \u00a0Possuem os menores sal\u00e1rios, t\u00eam pouco acesso aos servi\u00e7os p\u00fablicos como sa\u00fade e Educa\u00e7\u00e3o de qualidade, sofrem com a viol\u00eancia policial e judicial, etc.<br \/>\nPor isso que\u00a0o capitalismo nunca vai acabar com o racismo, se utiliza dele para aumentar seus lucros. Como disse Malcolm X: &#8220;N\u00e3o existe capitalismo sem racismo&#8221;. A luta contra o racismo deve ser parte da luta contra o capitalismo e a explora\u00e7\u00e3o!<\/p>\n<h2>Uma luta de toda classe trabalhadora<\/h2>\n<p>Uma das tarefas mais importantes de lutadores e lutadoras \u00e9 reproduzirmos junto \u00e0 classe trabalhadora que a reprodu\u00e7\u00e3o do racismo se volta contra a nossa pr\u00f3pria classe, pois a burguesia se aproveita da divis\u00e3o entre brancos e negros para intensificar\u00a0a explora\u00e7\u00e3o sobre toda a classe trabalhadora.<br \/>\nNesse sentido, \u00e9 fundamental que as pautas \u201cespecificas\u201d de negros e negras sejam assumidas por toda classe trabalhadora, isto \u00e9, o direito \u00e0s cotas proporcionais (universidade, trabalho, concurso, etc.), sal\u00e1rio igual, dentre outras tantas.<br \/>\nA unidade entre explorados negros e brancos ser\u00e1 fundamental para derrotarmos os ataques, os governos burgueses, o capitalismo e construirmos uma sociedade sem racismo.\u00a0Sem a parte negra da classe trabalhadora n\u00e3o haver\u00e1 a revolu\u00e7\u00e3o socialista.<br \/>\nO capitalismo \u00e9 racista. S\u00f3 o socialismo poder\u00e1 acabar com toda diferencia\u00e7\u00e3o entre as pessoas. Como diz Rosa Luxemburgo: \u201cPor um mundo onde sejamos socialmente iguais, humanamente diferentes e totalmente livres\u201d.<\/p>\n","protected":false},"excerpt":{"rendered":"<p>Na hist\u00f3ria da humanidade, s\u00f3 o modo de produ\u00e7\u00e3o capitalista escravizou pessoas por conta da cor da pele. \u00a0E lucrou<\/p>\n","protected":false},"author":11,"featured_media":5286,"comment_status":"closed","ping_status":"closed","sticky":true,"template":"","format":"standard","meta":{"footnotes":""},"categories":[6,13],"tags":[],"_links":{"self":[{"href":"https:\/\/www.espacosocialista.org\/portal\/wp-json\/wp\/v2\/posts\/5284"}],"collection":[{"href":"https:\/\/www.espacosocialista.org\/portal\/wp-json\/wp\/v2\/posts"}],"about":[{"href":"https:\/\/www.espacosocialista.org\/portal\/wp-json\/wp\/v2\/types\/post"}],"author":[{"embeddable":true,"href":"https:\/\/www.espacosocialista.org\/portal\/wp-json\/wp\/v2\/users\/11"}],"replies":[{"embeddable":true,"href":"https:\/\/www.espacosocialista.org\/portal\/wp-json\/wp\/v2\/comments?post=5284"}],"version-history":[{"count":3,"href":"https:\/\/www.espacosocialista.org\/portal\/wp-json\/wp\/v2\/posts\/5284\/revisions"}],"predecessor-version":[{"id":5319,"href":"https:\/\/www.espacosocialista.org\/portal\/wp-json\/wp\/v2\/posts\/5284\/revisions\/5319"}],"wp:featuredmedia":[{"embeddable":true,"href":"https:\/\/www.espacosocialista.org\/portal\/wp-json\/wp\/v2\/media\/5286"}],"wp:attachment":[{"href":"https:\/\/www.espacosocialista.org\/portal\/wp-json\/wp\/v2\/media?parent=5284"}],"wp:term":[{"taxonomy":"category","embeddable":true,"href":"https:\/\/www.espacosocialista.org\/portal\/wp-json\/wp\/v2\/categories?post=5284"},{"taxonomy":"post_tag","embeddable":true,"href":"https:\/\/www.espacosocialista.org\/portal\/wp-json\/wp\/v2\/tags?post=5284"}],"curies":[{"name":"wp","href":"https:\/\/api.w.org\/{rel}","templated":true}]}}