{"id":6346,"date":"2018-05-26T20:49:42","date_gmt":"2018-05-26T23:49:42","guid":{"rendered":"http:\/\/espacosocialista.org\/portal\/?p=6346"},"modified":"2018-05-27T21:01:14","modified_gmt":"2018-05-28T00:01:14","slug":"fim-da-greve-da-mercedes-saldo-positivo-para-os-trabalhadores","status":"publish","type":"post","link":"https:\/\/www.espacosocialista.org\/portal\/2018\/05\/fim-da-greve-da-mercedes-saldo-positivo-para-os-trabalhadores\/","title":{"rendered":"Fim da greve da Mercedes \u2013 Saldo positivo para os trabalhadores"},"content":{"rendered":"<p style=\"text-align: right;\" align=\"justify\">Contribui\u00e7\u00e3o de um trabalhador da Mercedes-Benz<\/p>\n<p class=\"western\" align=\"justify\">Chegou a fim a greve da Mercedes com algumas conquistas importantes para os trabalhadores, que se mobilizaram desde o dia 14 de maio de 2018, quando realizaram uma assembleia na porta da f\u00e1brica.<br \/>\nA ades\u00e3o dos trabalhadores \u00e0 greve foi muito boa. N\u00e3o se enfrentou problema de resist\u00eancia, como por exemplo, quando os trabalhadores querem furar a greve e for\u00e7ar a entrada da empresa. Essa uni\u00e3o foi fundamental para as nossas conquistas.<br \/>\nPor outro lado, foi negativa a falta de transpar\u00eancia e democracia pela dire\u00e7\u00e3o do sindicato. N\u00e3o havia informa\u00e7\u00e3o sobre as propostas que estavam sendo levadas \u00e0 mesa de negocia\u00e7\u00e3o. Isso \u00e9 ruim, principalmente ante a situa\u00e7\u00e3o apresentada pela empresa de que os trabalhadores estavam pedindo demais. A empresa queria que algumas cl\u00e1usulas sociais hist\u00f3ricas da conven\u00e7\u00e3o coletiva fossem retiradas, al\u00e9m da constante amea\u00e7a de demiss\u00e3o, dessa vez no setor administrativo, no qual se amea\u00e7ava mais de 300 empregos do pessoal de escrit\u00f3rio.<br \/>\nNo final nossa mobiliza\u00e7\u00e3o conseguiu um reajuste real de 1,5%, que, em que pese n\u00e3o ser o que os trabalhadores esperavam, \u00e9 positivo, principalmente face ao endurecimento da empresa, manuten\u00e7\u00e3o por mais dois anos das cl\u00e1usulas sociais da conven\u00e7\u00e3o coletiva, com destaque \u00e0quela que garante estabilidade ao empregado acidentado no trabalho, o cancelamento das demiss\u00f5es e principalmente, o de que n\u00e3o haver\u00e1 desconto nos sal\u00e1rios dos trabalhadores \u2013 com a implementa\u00e7\u00e3o de um esquema de reposi\u00e7\u00e3o do trabalho que vai garantir o pagamento dos dias de greve. Tamb\u00e9m foi conseguido um aumento da participa\u00e7\u00e3o nos lucros.<br \/>\nTudo isso s\u00f3 foi poss\u00edvel porque a mobiliza\u00e7\u00e3o dos trabalhadores foi forte, recebendo apoio de outras categorias, solidariedade essa muito importante para a luta, com resultado positivo mesmo a empresa tentando enfraquecer a greve.<\/p>\n<p class=\"western\" align=\"justify\">\n","protected":false},"excerpt":{"rendered":"<p>Contribui\u00e7\u00e3o de um trabalhador da Mercedes-Benz Chegou a fim a greve da Mercedes com algumas conquistas importantes para os trabalhadores,<\/p>\n","protected":false},"author":12,"featured_media":6347,"comment_status":"closed","ping_status":"closed","sticky":true,"template":"","format":"standard","meta":{"footnotes":""},"categories":[61,24],"tags":[],"_links":{"self":[{"href":"https:\/\/www.espacosocialista.org\/portal\/wp-json\/wp\/v2\/posts\/6346"}],"collection":[{"href":"https:\/\/www.espacosocialista.org\/portal\/wp-json\/wp\/v2\/posts"}],"about":[{"href":"https:\/\/www.espacosocialista.org\/portal\/wp-json\/wp\/v2\/types\/post"}],"author":[{"embeddable":true,"href":"https:\/\/www.espacosocialista.org\/portal\/wp-json\/wp\/v2\/users\/12"}],"replies":[{"embeddable":true,"href":"https:\/\/www.espacosocialista.org\/portal\/wp-json\/wp\/v2\/comments?post=6346"}],"version-history":[{"count":3,"href":"https:\/\/www.espacosocialista.org\/portal\/wp-json\/wp\/v2\/posts\/6346\/revisions"}],"predecessor-version":[{"id":6351,"href":"https:\/\/www.espacosocialista.org\/portal\/wp-json\/wp\/v2\/posts\/6346\/revisions\/6351"}],"wp:featuredmedia":[{"embeddable":true,"href":"https:\/\/www.espacosocialista.org\/portal\/wp-json\/wp\/v2\/media\/6347"}],"wp:attachment":[{"href":"https:\/\/www.espacosocialista.org\/portal\/wp-json\/wp\/v2\/media?parent=6346"}],"wp:term":[{"taxonomy":"category","embeddable":true,"href":"https:\/\/www.espacosocialista.org\/portal\/wp-json\/wp\/v2\/categories?post=6346"},{"taxonomy":"post_tag","embeddable":true,"href":"https:\/\/www.espacosocialista.org\/portal\/wp-json\/wp\/v2\/tags?post=6346"}],"curies":[{"name":"wp","href":"https:\/\/api.w.org\/{rel}","templated":true}]}}