{"id":6352,"date":"2018-05-27T22:31:24","date_gmt":"2018-05-28T01:31:24","guid":{"rendered":"http:\/\/espacosocialista.org\/portal\/?p=6352"},"modified":"2018-05-28T17:08:00","modified_gmt":"2018-05-28T20:08:00","slug":"contra-os-donos-das-transportadoras-lutar-junto-com-os-trabalhadores-caminhoneiros","status":"publish","type":"post","link":"https:\/\/www.espacosocialista.org\/portal\/2018\/05\/contra-os-donos-das-transportadoras-lutar-junto-com-os-trabalhadores-caminhoneiros\/","title":{"rendered":"Espa\u00e7o Socialista e MOS: Contra os donos das transportadoras, lutar junto com os trabalhadores caminhoneiros!"},"content":{"rendered":"<p style=\"text-align: right;\" align=\"justify\">Espa\u00e7o Socialista e MOS<\/p>\n<p align=\"justify\">Derrotar a direita que atua nesse movimento!<br \/>\nN\u00e3o \u00e0 interven\u00e7\u00e3o das for\u00e7as armadas!<\/p>\n<p align=\"justify\">A ideia de que a luta dos caminhoneiros n\u00e3o tem contradi\u00e7\u00f5es \u00e9 equivocada. De um lado t\u00eam os interesses dos que vivem do seu pr\u00f3prio trabalho como os aut\u00f4nomos, os terceirizados e os contratados. De outro lado, t\u00eam os interesses das grandes empresas de transporte que t\u00eam usado o movimento para aumentar sua taxa de lucro.<\/p>\n<p align=\"justify\">Essas empresas de transporte utilizam o movimento para benef\u00edcios fiscais e tribut\u00e1rios para aumentar os seus lucros. Isso significa retirar dos servi\u00e7os p\u00fablicos e repassar para esses empres\u00e1rios. N\u00e3o querem a redu\u00e7\u00e3o do pre\u00e7o, mas sim a isen\u00e7\u00e3o nos tributos.<\/p>\n<p align=\"justify\">J\u00e1 a reivindica\u00e7\u00e3o dos trabalhadores caminhoneiros pode ser atendida sem piorar mais os servi\u00e7os p\u00fablicos, que \u00e9 a redu\u00e7\u00e3o de pre\u00e7o e que atende aos demais setores da sociedade, principalmente os mais pobres. Por isso, objetivamente, enfrentam a pol\u00edtica de pre\u00e7os do presidente da Petrobr\u00e1s, de Temer e de empresas como Shell, Texaco, etc., empresas beneficiadas pelas medidas do governo e da Petrobr\u00e1s.<\/p>\n<p align=\"justify\">Com isso fazemos uma diferencia\u00e7\u00e3o necess\u00e1ria no apoio ao movimento. \u00a0H\u00e1 os que exploram e h\u00e1 os que s\u00e3o explorados em que, nesse momento, algumas demandas se misturam, como por exemplo a alta do pre\u00e7o do diesel j\u00e1 que para os donos das empresas representa a redu\u00e7\u00e3o de seus lucros. E para os trabalhadores aut\u00f4nomos e terceirizados representa a redu\u00e7\u00e3o nos seus rendimentos.<\/p>\n<p align=\"justify\">Outro componente \u00e9 a presen\u00e7a de um setor de direita, que defende interven\u00e7\u00e3o militar e at\u00e9 Bolsonaro. As picha\u00e7\u00f5es e faixas na frente de algumas refinarias, as faixas e discursos pr\u00f3-interven\u00e7\u00e3o militar em v\u00e1rios bloqueios e caminh\u00f5es, atos e discursos s\u00e3o express\u00f5es da for\u00e7a que esses setores t\u00eam constru\u00eddo junto aos trabalhadores do setor, ainda que pare\u00e7a ser minorit\u00e1rio. Mas, existe e n\u00e3o podemos desprezar a sua presen\u00e7a.<\/p>\n<p align=\"justify\"><strong>N\u00e3o \u00e0 interven\u00e7\u00e3o das For\u00e7as Armadas no conflito<\/strong><\/p>\n<p align=\"justify\">Temer e os governadores, protegendo especuladores e acionistas da Petrobr\u00e1s, acionaram o Ex\u00e9rcito para intervir no conflito. H\u00e1 refinarias ocupadas, ruas vigiadas, amea\u00e7as de todo tipo contra os caminhoneiros que n\u00e3o aceitaram os primeiros termos de negocia\u00e7\u00e3o entre Temer e os representantes de sindicatos patronais.<\/p>\n<p align=\"justify\">A militariza\u00e7\u00e3o dos conflitos sociais \u00e9 uma express\u00e3o do fortalecimento dos setores mais reacion\u00e1rios das For\u00e7as Armadas e da burguesia. Nos \u00faltimos anos a presen\u00e7a do ex\u00e9rcito na vida pol\u00edtica do pa\u00eds tem sido constante, inclusive, j\u00e1 atuando como interventor na seguran\u00e7a p\u00fablica do Rio de Janeiro.<\/p>\n<p align=\"justify\">Al\u00e9m de apoiar os trabalhadores caminhoneiros nesse momento a classe trabalhadora tamb\u00e9m precisa derrotar essa interven\u00e7\u00e3o militar. Os militares n\u00e3o v\u00e3o resolver o problema dos pre\u00e7os da gasolina, do g\u00e1s de cozinha e do diesel, pois as For\u00e7as Armadas \u00e9 um bra\u00e7o dos capitalistas e v\u00e3o fortalecer as grandes empresas do setor petroleiro. Por que n\u00e3o prendem os empres\u00e1rios que praticam esses pre\u00e7os absurdos?<\/p>\n<p align=\"justify\">Nesse sentido a greve dos petroleiros, que come\u00e7ar\u00e1 dia 30 de maio, \u00e9 o outro grande embate nesse momento e por isso precisa de todo apoio e solidariedade do conjunto da classe trabalhadora. Al\u00e9m desse apoio tamb\u00e9m devemos exigir das dire\u00e7\u00f5es sindicais petroleiras que incorporem na pauta o fim da interven\u00e7\u00e3o das For\u00e7as Armadas.<\/p>\n<p align=\"justify\"><strong>Atuar e apoiar esse movimento, com uma pauta da classe trabalhadora<\/strong><\/p>\n<p align=\"justify\">O primeiro pseudo-acordo do governo com o setor somente atendeu aos interesses dos donos das empresas e ainda assim com os recursos p\u00fablicos, dos especuladores e acionistas da Petrobr\u00e1s n\u00e3o sai um real. Por isso, muitos trabalhadores n\u00e3o aceitaram o acordo e os bloqueios das rodovias permaneceram ativos.<\/p>\n<p align=\"justify\">N\u00e3o diferenciar os atores sociais nessa luta, considerar que h\u00e1 somente empres\u00e1rios ou que h\u00e1 somente trabalhadores caminhoneiros, \u00e9 capitular aos interesses burgueses. \u00a0Em ess\u00eancia a proposta n\u00e3o altera a pol\u00edtica de pre\u00e7os, basta ver o pre\u00e7o da gasolina e do g\u00e1s que s\u00e3o essenciais para o projeto de privatiza\u00e7\u00e3o das refinarias. O governo e a Petrobr\u00e1s procuram atrair compradores oferecendo uma pol\u00edtica sem controle de pre\u00e7os e com lucro ilimitado.<\/p>\n<p align=\"justify\">A atual diretoria da Petrobr\u00e1s, que considera mais nos interesses dos Estados Unidos do que nos do povo brasileiro, anunciou que pretende avan\u00e7ar na privatiza\u00e7\u00e3o com a venda de 4 refinarias, de f\u00e1bricas de fertilizantes, de po\u00e7os de petr\u00f3leo, etc., o que vai piorar ainda mais a vida do povo brasileiro.<\/p>\n<p align=\"justify\">Dentre essas reivindica\u00e7\u00f5es a redu\u00e7\u00e3o dos pre\u00e7os do g\u00e1s de cozinha e da gasolina, o fim dos ped\u00e1gios e a luta por uma Petrobr\u00e1s 100% p\u00fablica, dirigida por quem nela trabalha e com uma pol\u00edtica de produ\u00e7\u00e3o e refino de acordo com as necessidades da popula\u00e7\u00e3o e n\u00e3o dos acionistas s\u00e3o fundamentais e, no entanto, o governo Temer insiste em n\u00e3o atender.<\/p>\n<p align=\"justify\">Outro ponto importante nessas reivindica\u00e7\u00f5es \u00e9 o n\u00e3o pagamento da d\u00edvida p\u00fablica. S\u00e3o bilh\u00f5es de reais destinados aos especuladores e agiotas e que poderiam ser destinados \u00e0 constru\u00e7\u00e3o e manuten\u00e7\u00e3o de rodovias, servi\u00e7os p\u00fablicos gratuitos e de qualidade em Sa\u00fade, Educa\u00e7\u00e3o, etc.<\/p>\n<p align=\"justify\">Por isso, a atua\u00e7\u00e3o das Centrais Sindicais nesse processo, junto aos trabalhadores caminhoneiros e aos petroleiros, deve ser combinada com uma pauta que atenda os interesses da popula\u00e7\u00e3o pobre e trabalhadora, caso contr\u00e1rio o governo Temer e a burguesia ir\u00e3o novamente levar as categorias profissionais e popula\u00e7\u00e3o a enfrentamentos entre si, favorecendo os movimentos de direita.<\/p>\n<p align=\"justify\">Com uma pauta que inclua as reivindica\u00e7\u00f5es mais imediatas e sentidas da classe trabalhadora conseguiremos incorporar outros setores da classe trabalhadora, avan\u00e7ando para uma luta contra o governo e a patronal e construindo de fato a Greve Geral.<\/p>\n<p align=\"justify\"><strong>A necess\u00e1ria incorpora\u00e7\u00e3o dos demais setores da classe trabalhadora<\/strong><\/p>\n<p align=\"justify\">Essa importante luta, que marca a conjuntura nacional est\u00e1 cheia de limites e contradi\u00e7\u00f5es sobre as quais n\u00f3s, da esquerda socialista, precisamos atuar conjuntamente.<\/p>\n<p align=\"justify\">Desconsiderar que a direita e setores da burguesia est\u00e3o disputando os rumos e a dire\u00e7\u00e3o dos movimentos de lutas, at\u00e9 para tentar impedir que a luta avance para outros setores da classe trabalhadora, \u00e9 um erro que pode custar caro para toda a classe trabalhadora e em especial para n\u00f3s.<\/p>\n<p align=\"justify\">Em um processo como esse, a independ\u00eancia pol\u00edtica da classe trabalhadora \u00e9 fundamental. Caso essa luta fique nas m\u00e3os da burguesia ser\u00e1 conduzido de acordo com os seus pr\u00f3prios interesses e contra toda a classe trabalhadora. E essa independ\u00eancia se expressa em um programa, que \u00e9 fundamental e decisivo para que a nossa luta seja vitoriosa. Al\u00e9m do apoio e solidariedade \u00e0s lutas necessitamos dialogar com a classe trabalhadora de conjunto para avan\u00e7armos:<\/p>\n<p align=\"justify\">&#8211; \u00a0\u00a0\u00a0\u00a0\u00a0\u00a0\u00a0\u00a0\u00a0\u00a0\u00a0\u00a0 Abaixo as manobras da burguesia e do governo Temer!<\/p>\n<p align=\"justify\">&#8211;\u00a0\u00a0\u00a0\u00a0\u00a0\u00a0\u00a0 N\u00e3o \u00e0 interven\u00e7\u00e3o dos militares nas lutas da classe trabalhadora! Nenhum tanque nas ruas que ameacem os trabalhadores;<\/p>\n<p align=\"justify\">&#8211;\u00a0\u00a0\u00a0\u00a0\u00a0\u00a0\u00a0\u00a0\u00a0\u00a0\u00a0\u00a0\u00a0 Redu\u00e7\u00e3o do pre\u00e7o do g\u00e1s de cozinha e da gasolina;<\/p>\n<p align=\"justify\">&#8211;\u00a0\u00a0\u00a0\u00a0\u00a0\u00a0\u00a0\u00a0\u00a0\u00a0\u00a0\u00a0\u00a0 Denunciamos os setores patronais e da direita que est\u00e3o atuando e tentam dirigir esse movimento;<\/p>\n<p align=\"justify\">&#8211;\u00a0\u00a0\u00a0\u00a0\u00a0\u00a0\u00a0\u00a0\u00a0\u00a0\u00a0 Petrobr\u00e1s 100% p\u00fablica, sob controle dos petroleiros, como forma de adotar uma pol\u00edtica de produ\u00e7\u00e3o de petr\u00f3leo e refino de acordo com as necessidades da popula\u00e7\u00e3o e contra as privatiza\u00e7\u00f5es;<\/p>\n<p align=\"justify\">&#8211;\u00a0\u00a0\u00a0\u00a0\u00a0\u00a0\u00a0\u00a0\u00a0\u00a0\u00a0\u00a0\u00a0 N\u00e3o pagar a d\u00edvida p\u00fablica e destinar esse dinheiro ao atendimento das reivindica\u00e7\u00f5es da classe trabalhadora (reformas urbana e agr\u00e1ria, plano de investimento para gerar energia para a popula\u00e7\u00e3o, plano de obras p\u00fablicas, etc.). Dinheiro p\u00fablico para servi\u00e7os p\u00fablicos!<\/p>\n","protected":false},"excerpt":{"rendered":"<p>Espa\u00e7o Socialista e MOS Derrotar a direita que atua nesse movimento! N\u00e3o \u00e0 interven\u00e7\u00e3o das for\u00e7as armadas! A ideia de<\/p>\n","protected":false},"author":12,"featured_media":6353,"comment_status":"closed","ping_status":"closed","sticky":true,"template":"","format":"standard","meta":{"footnotes":""},"categories":[98,57,63,21],"tags":[],"_links":{"self":[{"href":"https:\/\/www.espacosocialista.org\/portal\/wp-json\/wp\/v2\/posts\/6352"}],"collection":[{"href":"https:\/\/www.espacosocialista.org\/portal\/wp-json\/wp\/v2\/posts"}],"about":[{"href":"https:\/\/www.espacosocialista.org\/portal\/wp-json\/wp\/v2\/types\/post"}],"author":[{"embeddable":true,"href":"https:\/\/www.espacosocialista.org\/portal\/wp-json\/wp\/v2\/users\/12"}],"replies":[{"embeddable":true,"href":"https:\/\/www.espacosocialista.org\/portal\/wp-json\/wp\/v2\/comments?post=6352"}],"version-history":[{"count":8,"href":"https:\/\/www.espacosocialista.org\/portal\/wp-json\/wp\/v2\/posts\/6352\/revisions"}],"predecessor-version":[{"id":6372,"href":"https:\/\/www.espacosocialista.org\/portal\/wp-json\/wp\/v2\/posts\/6352\/revisions\/6372"}],"wp:featuredmedia":[{"embeddable":true,"href":"https:\/\/www.espacosocialista.org\/portal\/wp-json\/wp\/v2\/media\/6353"}],"wp:attachment":[{"href":"https:\/\/www.espacosocialista.org\/portal\/wp-json\/wp\/v2\/media?parent=6352"}],"wp:term":[{"taxonomy":"category","embeddable":true,"href":"https:\/\/www.espacosocialista.org\/portal\/wp-json\/wp\/v2\/categories?post=6352"},{"taxonomy":"post_tag","embeddable":true,"href":"https:\/\/www.espacosocialista.org\/portal\/wp-json\/wp\/v2\/tags?post=6352"}],"curies":[{"name":"wp","href":"https:\/\/api.w.org\/{rel}","templated":true}]}}