{"id":6561,"date":"2018-06-03T22:31:39","date_gmt":"2018-06-04T01:31:39","guid":{"rendered":"http:\/\/espacosocialista.org\/portal\/?p=6561"},"modified":"2018-06-05T19:38:07","modified_gmt":"2018-06-05T22:38:07","slug":"uma-reflexao-sobre-a-greve-dos-caminhoneiros","status":"publish","type":"post","link":"https:\/\/www.espacosocialista.org\/portal\/2018\/06\/uma-reflexao-sobre-a-greve-dos-caminhoneiros\/","title":{"rendered":"Uma reflex\u00e3o sobre a Greve dos caminhoneiros"},"content":{"rendered":"<p class=\"western\" align=\"justify\">O movimento chamado de greve de caminhoneiros comprometeu o funcionamento de empresas, escolas, estradas, etc., enfim, quase parou o pa\u00eds. A op\u00e7\u00e3o dos capitalistas brasileiros em beneficiar multinacionais automobil\u00edsticas na produ\u00e7\u00e3o de caminh\u00f5es e privilegiar o transporte rodovi\u00e1rio para o escoamento da produ\u00e7\u00e3o teve o seu pre\u00e7o. E mostrou tamb\u00e9m o quanto \u00e9 fr\u00e1gil a quest\u00e3o da mobilidade no pa\u00eds.<\/p>\n<p class=\"western\" align=\"justify\">A greve se alastrou rapidamente para todos os estados e rodovias, ganhou amplo apoio popular e em alguma medida obrigou o governo a recuar e atender parte das reivindica\u00e7\u00f5es. Na esteira de um movimento que expressava a revolta do setor mais explorado do setor (maioria dos aut\u00f4nomos, agregados, contratados, etc.), as associa\u00e7\u00f5es de transportadoras e empres\u00e1rios logo se incorporaram ao movimento como forma de pressionar o governo a garantir suas taxas de lucro.<\/p>\n<p class=\"western\" align=\"justify\">No entanto, essa mobiliza\u00e7\u00e3o tamb\u00e9m trouxe muitas quest\u00f5es pol\u00edticas e contradi\u00e7\u00f5es, at\u00e9 mesmo reivindica\u00e7\u00f5es de interven\u00e7\u00e3o militar. Al\u00e9m disso, trouxe tamb\u00e9m muitas pol\u00eamicas no interior da esquerda e, em v\u00e1rios casos, com avalia\u00e7\u00f5es parciais e unilaterais.<\/p>\n<h3 class=\"western\" align=\"justify\">O movimento: parte Greve de Caminhoneiros e parte Lockout \u201cda Patronal\u201d<\/h3>\n<p class=\"western\" align=\"justify\">Nos \u00faltimos anos t\u00eam ocorrido mobiliza\u00e7\u00f5es de massas com amplo apoio popular e de novo tipo: com novas especificidades e com o car\u00e1ter de classe trabalhadora n\u00e3o presente ou muito dilu\u00eddo. Esse novo tipo tem levado a muitas pol\u00eamicas no interior da esquerda.<\/p>\n<p class=\"western\" align=\"justify\">Para citarmos dois exemplos temos o impeachment de Dilma e essa mobiliza\u00e7\u00e3o de caminhoneiros.<\/p>\n<p class=\"western\" align=\"justify\">No caso de caminhoneiros, uns caracterizam unicamente como lockout (paralisa\u00e7\u00e3o por iniciativa patronal) e outros somente destacam a participa\u00e7\u00e3o de trabalhadores.<\/p>\n<p class=\"western\" align=\"justify\">Destacamos a complexidade dessa luta em que se misturam interesses de terceirizados, maioria dos aut\u00f4nomos, contratados, agregados \u2013 n\u00e3o s\u00e3o burgueses e o pre\u00e7o do diesel afeta a sua renda e o sustento de suas fam\u00edlias \u2013 e tamb\u00e9m interesses da patronal, em que o pre\u00e7o do diesel afeta diretamente suas taxas de lucro.<\/p>\n<p class=\"western\" align=\"justify\">Por isso, entendemos a necessidade de separar o \u201cjoio do trigo\u201d, apoiando a reivindica\u00e7\u00e3o e a luta dos trabalhadores do setor, mas, ao mesmo tempo, denunciando os interesses da patronal que n\u00e3o est\u00e1 preocupada com os pre\u00e7os do g\u00e1s de cozinha, por exemplo.<\/p>\n<h3 class=\"western\" align=\"justify\">Um processo al\u00e9m do pre\u00e7o do diesel<\/h3>\n<p class=\"western\" align=\"justify\">Esse processo n\u00e3o pode ser analisado ou compreendido por si s\u00f3.<\/p>\n<p class=\"western\" align=\"justify\">A crise econ\u00f4mica, a instabilidade pol\u00edtica, a presen\u00e7a da direita nos movimentos e o apoio popular s\u00e3o quest\u00f5es fundamentais e que devem ser consideradas sob pena de explica\u00e7\u00f5es parciais e unilaterais. E sem compreender essa totalidade na qual essa greve est\u00e1 inserida julgamos ser imposs\u00edvel entender a raz\u00e3o de existir tantas contradi\u00e7\u00f5es.<\/p>\n<p class=\"western\" align=\"justify\">Um elemento importante \u00e9 o fato de as reivindica\u00e7\u00f5es serem de interesse da patronal e tamb\u00e9m dos caminhoneiros agregados, contratados, maioria dos aut\u00f4nomos e terceirizados. Situa\u00e7\u00e3o em que a demarca\u00e7\u00e3o de classes n\u00e3o \u00e9 expl\u00edcita. \u00c9 o caso da redu\u00e7\u00e3o do pre\u00e7o do diesel.<\/p>\n<p class=\"western\" align=\"justify\">Outro elemento se expressa no interior da burguesia com conflitos e lutas mais ou menos abertas entre as fra\u00e7\u00f5es, que mesmo preservando interesses comuns a todo burgu\u00eas, buscam melhores condi\u00e7\u00f5es para preservar os interesses pr\u00f3prios de cada uma das fra\u00e7\u00f5es. A fra\u00e7\u00e3o produtiva se choca com a financeira, a comercial com a produtiva ou a agr\u00e1ria e assim por diante.<\/p>\n<p class=\"western\" align=\"justify\">Nesse caso concreto, a pol\u00edtica de pre\u00e7os praticada pela Petrobr\u00e1s atende aos interesses de empresas imperialistas do petr\u00f3leo e, consequentemente, deixa as empresas do setor de transporte descontentes. A parte do lockout foi a forma encontrada pela burguesia do setor de se apropriar de uma parte maior da riqueza produzida pela classe trabalhadora.<\/p>\n<p class=\"western\" align=\"justify\"><strong>Tamb\u00e9m \u00e9 preciso considerar a profundidade da crise econ\u00f4mica<\/strong>, uma das mais profundas da hist\u00f3ria, sem que tenha no horizonte qualquer possibilidade de solu\u00e7\u00e3o em curto ou m\u00e9dio prazo. Depois de anos em recess\u00e3o, o dito crescimento econ\u00f4mico do ano passado ficou muito longe de recuperar os n\u00edveis pr\u00e9-crise. E o cen\u00e1rio para o pr\u00f3ximo ano \u00e9 de uma taxa pr\u00f3ximo de 2%.<\/p>\n<p class=\"western\" align=\"justify\">A recupera\u00e7\u00e3o econ\u00f4mica est\u00e1 longe de acontecer e n\u00e3o somente por conta de quest\u00f5es internas, mas principalmente pelo cen\u00e1rio da economia mundial tamb\u00e9m em crise, ainda que com mais media\u00e7\u00f5es. A economia brasileira \u00e9 extremamente dependente do mercado mundial principalmente em rela\u00e7\u00e3o \u00e0s commodities (petr\u00f3leo, gr\u00e3os, min\u00e9rios, carnes, etc.). Nos \u00faltimos anos esses produtos tiveram muita varia\u00e7\u00e3o de pre\u00e7o (alguns em queda acentuada) e tamb\u00e9m enfrentam uma maior concorr\u00eancia.<\/p>\n<p class=\"western\" align=\"justify\">E o controle exercido pelos rentistas, sobre a economia e o Estado brasileiro, impede at\u00e9 mesmo a implementa\u00e7\u00e3o de planos de investimentos. Considera-se ainda a desindustrializa\u00e7\u00e3o com a redu\u00e7\u00e3o do parque industrial e a limita\u00e7\u00e3o na produ\u00e7\u00e3o de riqueza, que ainda sustenta de fato todos os demais neg\u00f3cios da burguesia.<\/p>\n<p class=\"western\" align=\"justify\">Por fim, mas, n\u00e3o menos importante, e uma caracter\u00edstica marcante de uma economia dependente \u2013 para compensar as perdas nas trocas realizadas no mercado mundial \u2013 \u00e9 a quest\u00e3o da burguesia local necessitar ampliar a explora\u00e7\u00e3o sobre a classe trabalhadora brasileira. As reformas Trabalhista e Previdenci\u00e1ria, a amplia\u00e7\u00e3o da Terceiriza\u00e7\u00e3o, a redu\u00e7\u00e3o dos gastos p\u00fablicos com a Emenda Constitucional 95, as restri\u00e7\u00f5es ao seguro-desemprego e aos benef\u00edcios previdenci\u00e1rios, etc. s\u00e3o mecanismos de ajuste dessa superexplora\u00e7\u00e3o e do papel cumprido pelo Estado.<\/p>\n<p class=\"western\" align=\"justify\">S\u00e3o esses, no nosso modo de ver, alguns dos elementos a serem considerados para uma aproxima\u00e7\u00e3o do entendimento da greve dos caminhoneiros.<\/p>\n<h3 class=\"western\" align=\"justify\">Apoiamos a luta dos trabalhadores<\/h3>\n<p class=\"western\" align=\"justify\">Reconhecer essas contradi\u00e7\u00f5es \u00e9 o primeiro passo para os revolucion\u00e1rios terem uma pol\u00edtica justa e preservar os interesses da classe trabalhadora, apoiando os explorados e se opondo aos interesses burgueses.<\/p>\n<p class=\"western\" align=\"justify\">Nos colocarmos contra a luta \u00e9 na pr\u00e1tica nos omitir da necessidade de fortalece-la e de disputar a consci\u00eancia da classe trabalhadora de conjunto. E um apoio sem as devidas cr\u00edticas \u00e0 presen\u00e7a e participa\u00e7\u00e3o da burguesia do setor \u00e9 na pr\u00e1tica capitular a essa fra\u00e7\u00e3o da burguesia. Duas posi\u00e7\u00f5es aparentemente opostas, mas na pr\u00e1tica muito pr\u00f3ximas.<\/p>\n<p class=\"western\" align=\"justify\">Assim, \u00e9 fundamental que a classe trabalhadora se diferencie, imponha a sua pauta e lute de forma independente. Essa diferencia\u00e7\u00e3o somente poderia ser feita a partir da amplia\u00e7\u00e3o da pauta, incorporando reivindica\u00e7\u00f5es que atra\u00edsse os demais setores da classe trabalhadora e do povo pobre, \u00fanica maneira de a luta ganhar um car\u00e1ter classista.<\/p>\n<p class=\"western\" align=\"justify\">A greve realizada pelos petroleiros demonstrou uma maneira concreta de amplia\u00e7\u00e3o dessas reivindica\u00e7\u00f5es. Colocou quest\u00f5es capazes de atender o conjunto da popula\u00e7\u00e3o pobre como o caso do pre\u00e7o do g\u00e1s de cozinha e tamb\u00e9m foi direcionada para a mudan\u00e7a da pol\u00edtica de pre\u00e7os da Petrobr\u00e1s.<\/p>\n<p class=\"western\" align=\"justify\">As greves confirmam a for\u00e7a para pressionar governos e patr\u00f5es. Entendemos que o setor de transporte \u00e9 estrat\u00e9gico. No entanto, da mesma forma que sua greve pode fortalecer uma luta classista tamb\u00e9m pode se tornar um instrumento a servi\u00e7o da burguesia, caso seja dirigida diretamente pela burguesia ou por dire\u00e7\u00f5es pr\u00f3-burguesas.<\/p>\n<p class=\"western\" align=\"justify\">Um exemplo hist\u00f3rico, em um outro momento da luta, foi o que ocorreu no Chile, quando esse setor cumpriu um papel central na organiza\u00e7\u00e3o do golpe contra Allende. A greve durou 26 dias, desestruturou a economia e rompeu o ciclo produ\u00e7\u00e3o-circula\u00e7\u00e3o, sem o qual n\u00e3o h\u00e1 reprodu\u00e7\u00e3o capitalista.<\/p>\n<p class=\"western\" align=\"justify\">\u00c9 muito importante que a esquerda procure entender e intervir sobre essa quest\u00e3o com o esfor\u00e7o de dialogar com a classe trabalhadora e ganh\u00e1-la para posi\u00e7\u00f5es de aproxima\u00e7\u00e3o com o movimento desses trabalhadores e vice-versa a fim de se colocar no campo classista e contra os empres\u00e1rios.<\/p>\n<h3 class=\"western\" align=\"justify\">Condi\u00e7\u00f5es de trabalho dos caminhoneiros<\/h3>\n<p class=\"western\" align=\"justify\">Quem mora nas periferias certamente conhece, pelo menos, um caminhoneiro. E sabe bem de suas condi\u00e7\u00f5es de vida. Retira seu sustento desse trabalho, normalmente pagando o caminh\u00e3o em pesadas presta\u00e7\u00f5es, com jornadas di\u00e1rias de trabalho de 16 horas ou mais, com risco de acidentes, m\u00e1 alimenta\u00e7\u00e3o, problemas de sa\u00fade, com risco de roubo de carga, dentre outros tantos problemas.<\/p>\n<p class=\"western\" align=\"justify\">Essa maioria do motoristas aut\u00f4nomos e agregados \u2013 mesmo possuindo o seu meio de trabalho, o caminh\u00e3o \u2013 n\u00e3o s\u00e3o burgueses, pois n\u00e3o exploram ningu\u00e9m, ao contr\u00e1rio, s\u00e3o explorados pelas empresas transportadoras que funcionam como intermediadoras. Tem ainda o fato de seu sustento e de suas fam\u00edlias sair dessa atividade.<\/p>\n<p class=\"western\" align=\"justify\">Por isso, o nosso apoio tem sido a esses trabalhadores, tanto aos que vendem a sua for\u00e7a de trabalho diretamente como empregados quanto aos que vendem indiretamente de forma precarizada como os aut\u00f4nomos, contratados e terceirizados.<\/p>\n<h3 class=\"western\" align=\"justify\">A mobiliza\u00e7\u00e3o se encontrou com a revolta da popula\u00e7\u00e3o<\/h3>\n<p class=\"western\" align=\"justify\">O imenso apoio popular a essa luta \u00e9 express\u00e3o de um sentimento que domina milh\u00f5es e milh\u00f5es de pessoas imersas em condi\u00e7\u00f5es de vida cada vez piores.<\/p>\n<p class=\"western\" align=\"justify\">As pessoas est\u00e3o submetidas ao desemprego, ao baixo sal\u00e1rio, sem onde morar, sem ou com car\u00eancia de servi\u00e7os p\u00fablicos que atendam minimamente, j\u00e1 vivendo a substitui\u00e7\u00e3o do fog\u00e3o a g\u00e1s pelo fog\u00e3o a lenha tem gerado, etc. Tudo isso gera descontentamento na maioria da popula\u00e7\u00e3o.<\/p>\n<p class=\"western\" align=\"justify\">A greve se encontrou com essa condi\u00e7\u00e3o de vida e com esse sentimento. As pessoas se viram representadas pelos caminhoneiros que iam mostrando for\u00e7a e que vale a pena a uni\u00e3o. Foi um sentimento muito parecido com o que construiu a greve geral de abril do ano passado.<\/p>\n<p class=\"western\" align=\"justify\">Essa greve deixou esse sentimento importante de que, quando as pessoas se juntam, as coisas podem mudar. Podemos derrotar governos, derrotar patr\u00f5es e, enfim, a vit\u00f3ria pode ser alcan\u00e7ada.<\/p>\n<p class=\"western\" align=\"justify\">O apoio da popula\u00e7\u00e3o a essa greve representou para a pr\u00f3pria popula\u00e7\u00e3o uma forma de protesto contra o governo e sua pol\u00edtica econ\u00f4mica, respons\u00e1veis pelas p\u00e9ssimas condi\u00e7\u00f5es de vida que a classe trabalhadora enfrenta.<\/p>\n<h3 class=\"western\" align=\"justify\">Quem paga e quem deveria pagar a conta<\/h3>\n<p class=\"western\" align=\"justify\">As pautas pelas quais os movimentos lutam s\u00e3o fundamentais porque indicam o horizonte, ou seja, para onde se quer ir.<\/p>\n<p class=\"western\" align=\"justify\">A luta teve algumas conquistas importantes, sem a luta n\u00e3o as haveriam. No entanto, uma quest\u00e3o que n\u00e3o poderia se abrir m\u00e3o precisava ter sido pautada: a que n\u00e3o fosse a popula\u00e7\u00e3o a pagar a conta.<\/p>\n<p class=\"western\" align=\"justify\">Temer e seus aliados fizeram manobras e mentiram. Para garantir a redu\u00e7\u00e3o do pre\u00e7o vai tirar recursos de programas sociais que atendem trabalhadores como PIS e do COFINS. S\u00e3o dois tributos arrecadados para serem destinados aos programas de abono aos trabalhadores com registro em carteira profissional e ou destinado aos programas da seguridade social. Ou seja, est\u00e3o sendo tirados de n\u00f3s mesmos.<\/p>\n<p class=\"western\" align=\"justify\">A pol\u00edtica de pre\u00e7os da Petrobr\u00e1s, com aumentos conforme a varia\u00e7\u00e3o de pre\u00e7os internacionais, favorece diretamente as empresas multinacionais como a Shell e a Texaco.<\/p>\n<p class=\"western\" align=\"justify\">Por isso, a reivindica\u00e7\u00e3o mais importante deveria ser a exig\u00eancia de acabar com essa pol\u00edtica de pre\u00e7o para beneficiar, assim, n\u00e3o somente os caminhoneiros, tamb\u00e9m toda a popula\u00e7\u00e3o pobre.<\/p>\n<p class=\"western\" align=\"justify\">Para isso a Petrobr\u00e1s deve ser totalmente p\u00fablica, como reivindicam os petroleiros, e com a estrutura que garanta e atenda a produ\u00e7\u00e3o e as necessidades da popula\u00e7\u00e3o e n\u00e3o das empresas multinacionais.<\/p>\n<p class=\"western\" align=\"justify\">Outra fonte de recursos poss\u00edvel para a popula\u00e7\u00e3o ter g\u00e1s e gasolina acess\u00edveis \u00e9 com o n\u00e3o pagamento da d\u00edvida p\u00fablica, hoje totalmente controlada por banqueiros e agiotas, que suga metade do or\u00e7amento federal todos os anos.<\/p>\n<p class=\"western\" align=\"justify\">O atendimento das reivindica\u00e7\u00f5es n\u00e3o mexeu com um centavo dos acionistas e especuladores, que lucram com a atual pol\u00edtica de pre\u00e7os praticada pela diretoria entreguista da Petrobr\u00e1s e com o pagamento dessa d\u00edvida p\u00fablica.<\/p>\n<p class=\"western\" align=\"justify\">Por isso, \u00e9 preciso dizer que a luta n\u00e3o acabou. Essa situa\u00e7\u00e3o s\u00f3 refor\u00e7a a necessidade de a classe trabalhadora ter as suas pautas e lutas de forma independente da burguesia.<\/p>\n<h3 class=\"western\" align=\"justify\">Parente pediu demiss\u00e3o. Temer se segura?<\/h3>\n<p class=\"western\" align=\"justify\">Mesmo com a pauta da greve sem reivindicar a derrubada da pol\u00edtica de pre\u00e7os da Petrobr\u00e1s, o fato \u00e9 que foi questionada. V\u00e1rios setores (burguesia, parlamentares de v\u00e1rios partidos, etc.) passaram a defender mudan\u00e7as.<\/p>\n<p class=\"western\" align=\"justify\">Pedro Parente, o presidente pr\u00f3-multinacionais da Petrobr\u00e1s, n\u00e3o resistiu e pediu demiss\u00e3o. Com o novo presidente n\u00e3o ter\u00e1 mudan\u00e7as nessa pol\u00edtica de pre\u00e7os, mas mostrou a for\u00e7a desse movimento que foi refor\u00e7ado pela greve dos petroleiros.<\/p>\n<p class=\"western\" align=\"justify\">J\u00e1 Temer segue como um \u201cmorto-vivo\u201d. O atual momento de seu governo \u00e9 de ser um dos mais impopulares da hist\u00f3ria recente do pa\u00eds. Na classe trabalhadora, o sentimento \u00e9 de \u00f3dio. J\u00e1 no interior da burguesia, o sentimento \u00e9 de preocupa\u00e7\u00e3o com a possibilidade de novas revoltas. Isso \u00e9 latente e poder\u00e1 gerar uma situa\u00e7\u00e3o de descontrole pol\u00edtico e social.<\/p>\n<p class=\"western\" align=\"justify\">Um governo que n\u00e3o consegue aplicar as medidas necess\u00e1rias ao capital e n\u00e3o tem a legitimidade necess\u00e1ria para manter as coisas e a popula\u00e7\u00e3o sob controle n\u00e3o interessa a burguesia. E para piorar, institui\u00e7\u00f5es como parlamento e judici\u00e1rio tamb\u00e9m n\u00e3o contam com a simpatia da popula\u00e7\u00e3o, pois representam o favorecimento dos ricos e dos corruptos, ou seja, da continuidade e do mesmo.<\/p>\n<p class=\"western\" align=\"justify\">Poucos partidos querem defender abertamente o governo Temer. Ter a imagem associada a Temer \u00e0s v\u00e9speras do processo eleitoral pode significar perder uma elei\u00e7\u00e3o. At\u00e9 mesmo partidos da base governista como o DEM e o MDB o criticam abertamente e procuram se desassociar de sua imagem.<\/p>\n<h3 class=\"western\" align=\"justify\">Golpe? Interven\u00e7\u00e3o militar?<\/h3>\n<p class=\"western\" align=\"justify\">H\u00e1 algum tempo a burguesia brasileira vive o dilema de manter Temer at\u00e9 a posse do novo presidente ou coloc\u00e1-lo para fora. A op\u00e7\u00e3o foi mant\u00ea-lo, mas o pre\u00e7o est\u00e1 sendo alto. O problema que se coloca \u00e9 quem o substituiria e quem o faria de maneira tempor\u00e1ria.<\/p>\n<p class=\"western\" align=\"justify\">Sem solu\u00e7\u00e3o dentro da institucionalidade, um setor militar e at\u00e9 mesmo um do \u201cbaixo clero\u201d da burguesia passaram a defender a sa\u00edda com os militares assumindo posi\u00e7\u00f5es de governo. Em v\u00e1rios momentos ocorreram manifesta\u00e7\u00f5es p\u00fablicas de generais como do Mour\u00e3o, causando mais impacto.<\/p>\n<p class=\"western\" align=\"justify\">Explicitamente passou-se para a defesa de uma solu\u00e7\u00e3o reacion\u00e1ria para a crise com um governo mais duro e repressor, ou seja, bonapartista com capacidade de centralizar as fra\u00e7\u00f5es da burguesia.<\/p>\n<p class=\"western\" align=\"justify\">Continuamos avaliando que s\u00e3o pequenas as possibilidades de um golpe. Mas, isso n\u00e3o pode significar fechar os olhos para essa possibilidade. A crise pol\u00edtica, a falta de legitimidade dos \u201cmeios pol\u00edticos normais\u201d, o aprofundamento da crise econ\u00f4mica, o fato de a burguesia ainda n\u00e3o ter encontrado o seu candidato com respaldo popular e uma explos\u00e3o social e pol\u00edtica s\u00e3o elementos que podem levar a burguesia a considerar essa hip\u00f3tese e adotar uma medida de for\u00e7a, poss\u00edvel de ser aplicada somente por \u00f3rg\u00e3os de repress\u00e3o.<\/p>\n<h3 class=\"western\" align=\"justify\">Sobre a interven\u00e7\u00e3o militar: o problema \u00e9 bem maior<\/h3>\n<p class=\"western\" align=\"justify\">O fato de a burguesia ter tend\u00eancia a endurecer e aumentar a repress\u00e3o em tempos de crise \u00e9 real, j\u00e1 sabemos. A novidade do momento \u00e9 que a ideia de interven\u00e7\u00e3o militar tem adquirido apoio em um setor de massas.<\/p>\n<p class=\"western\" align=\"justify\">Nessa greve o tema novamente surgiu e merece a nossa preocupa\u00e7\u00e3o. Primeiro, ressurgiu em um movimento nacional com repercuss\u00e3o na sociedade. Parte do setor que continuou a greve, dirigido por quem defende a interven\u00e7\u00e3o militar, passou a reivindicar no movimento a \u201crenova\u00e7\u00e3o pol\u00edtica\u201d; Segundo, houve uma mobiliza\u00e7\u00e3o das For\u00e7as Armadas com ocupa\u00e7\u00e3o de refinarias e distribuidoras de combust\u00edveis, n\u00e3o houve nenhuma resist\u00eancia e, em alguns lugares, com sauda\u00e7\u00e3o de populares (ainda pequenos grupos); Terceiro, o fato de o comando das For\u00e7as Armadas n\u00e3o recha\u00e7arem essa possibilidade, talvez at\u00e9 como forma de conseguirem mais espa\u00e7o nas decis\u00f5es pol\u00edticas; Quarto, o fato de as for\u00e7as policiais n\u00e3o terem reprimido os bloqueios ap\u00f3s os defensores da interven\u00e7\u00e3o militar ganharem destaque, o que pode significar a simpatia de policiais a essa proposta.<\/p>\n<p class=\"western\" align=\"justify\">Esse tema e os seus defensores tem ocupado um espa\u00e7o na situa\u00e7\u00e3o pol\u00edtica. E um espa\u00e7o \u00e0 direita.<\/p>\n<p class=\"western\" align=\"justify\">Assim, \u00e9 fundamental incorporar esse tema nas mobiliza\u00e7\u00f5es da classe trabalhadora e nas entidades e f\u00f3runs de luta, votando campanhas contr\u00e1rias, den\u00fancias do significado de uma interven\u00e7\u00e3o militar, etc.<\/p>\n<p class=\"western\" align=\"justify\">Ganhar a classe trabalhadora para lutar contra qualquer medida reacion\u00e1ria e de fortalecimento do aparato repressivo do Estado vai decidir esse jogo contra a direita. E a responsabilidade maior \u00e9 nossa, da esquerda.<\/p>\n<h3 class=\"western\" align=\"justify\">A partir daqui n\u00e3o apoiamos mais<\/h3>\n<p class=\"western\" align=\"justify\">Ap\u00f3s o acordo com o governo federal de redu\u00e7\u00e3o do diesel, n\u00e3o cobran\u00e7a de ped\u00e1gio quando o eixo estiver suspenso e a garantia de 30% de fretes nas companhias de abastecimento, a maioria dos caminhoneiros sa\u00edram do movimento, a maioria dos que ficaram no movimento era dirigida politicamente pela direita e, em muitos bloqueios, cresceu a defesa de \u201crenova\u00e7\u00e3o pol\u00edtica\u201d e consequentemente de interven\u00e7\u00e3o militar.<\/p>\n<p class=\"western\" align=\"justify\">A partir desse momento esse movimento, como j\u00e1 dissemos bastante complexo, deixou de ter pautas progressistas e tentando se apoiar no respaldo popular busca desvi\u00e1-lo para \u201cmovimento popular de apoio \u00e0 interven\u00e7\u00e3o militar\u201d. A partir desse momento n\u00e3o mais o apoiamos.<\/p>\n<p class=\"western\" align=\"justify\">Essa situa\u00e7\u00e3o somente refor\u00e7a a necessidade de a esquerda ter uma pol\u00edtica para esses lutadores e os demais setores explorados da sociedade, ganh\u00e1-los para a luta e para uma pol\u00edtica de aproxima\u00e7\u00e3o com o movimento oper\u00e1rio, construindo uma frente contra o governo e a patronal.<\/p>\n","protected":false},"excerpt":{"rendered":"<p>O movimento chamado de greve de caminhoneiros comprometeu o funcionamento de empresas, escolas, estradas, etc., enfim, quase parou o pa\u00eds.<\/p>\n","protected":false},"author":12,"featured_media":6562,"comment_status":"closed","ping_status":"closed","sticky":true,"template":"","format":"standard","meta":{"footnotes":""},"categories":[6,63],"tags":[],"_links":{"self":[{"href":"https:\/\/www.espacosocialista.org\/portal\/wp-json\/wp\/v2\/posts\/6561"}],"collection":[{"href":"https:\/\/www.espacosocialista.org\/portal\/wp-json\/wp\/v2\/posts"}],"about":[{"href":"https:\/\/www.espacosocialista.org\/portal\/wp-json\/wp\/v2\/types\/post"}],"author":[{"embeddable":true,"href":"https:\/\/www.espacosocialista.org\/portal\/wp-json\/wp\/v2\/users\/12"}],"replies":[{"embeddable":true,"href":"https:\/\/www.espacosocialista.org\/portal\/wp-json\/wp\/v2\/comments?post=6561"}],"version-history":[{"count":4,"href":"https:\/\/www.espacosocialista.org\/portal\/wp-json\/wp\/v2\/posts\/6561\/revisions"}],"predecessor-version":[{"id":6566,"href":"https:\/\/www.espacosocialista.org\/portal\/wp-json\/wp\/v2\/posts\/6561\/revisions\/6566"}],"wp:featuredmedia":[{"embeddable":true,"href":"https:\/\/www.espacosocialista.org\/portal\/wp-json\/wp\/v2\/media\/6562"}],"wp:attachment":[{"href":"https:\/\/www.espacosocialista.org\/portal\/wp-json\/wp\/v2\/media?parent=6561"}],"wp:term":[{"taxonomy":"category","embeddable":true,"href":"https:\/\/www.espacosocialista.org\/portal\/wp-json\/wp\/v2\/categories?post=6561"},{"taxonomy":"post_tag","embeddable":true,"href":"https:\/\/www.espacosocialista.org\/portal\/wp-json\/wp\/v2\/tags?post=6561"}],"curies":[{"name":"wp","href":"https:\/\/api.w.org\/{rel}","templated":true}]}}