{"id":77,"date":"2012-09-25T19:57:01","date_gmt":"2012-09-25T22:57:01","guid":{"rendered":"http:\/\/espacosocialista.org\/?q=node\/77"},"modified":"2013-02-13T06:12:21","modified_gmt":"2013-02-13T08:12:21","slug":"revista-primavera-vermelha-2","status":"publish","type":"post","link":"https:\/\/www.espacosocialista.org\/portal\/2012\/09\/revista-primavera-vermelha-2\/","title":{"rendered":"Revista Primavera Vermelha"},"content":{"rendered":"<p><a href=\"http:\/\/espacosocialista.org\/portal\/?p=133\" target=\"_blank\"><span style=\"font-size: 14px; background-color: #ffffff; text-align: justify;\">Apresenta\u00e7\u00e3o<\/span><\/p>\n<p><\/a><\/p>\n<h2>A natureza das revolu\u00e7\u00f5es e os desafios da luta socialista<\/h2>\n<p><a href=\"http:\/\/www.espacosocialista.org\/sites\/default\/files\/Revista PRIMAVERA VERMELHA N\u00ba2_0.pdf\"><img decoding=\"async\" loading=\"lazy\" style=\"font-size: 14px; background-color: #ffffff;\" alt=\"\" src=\"http:\/\/www.espacosocialista.org\/sites\/default\/files\/caparevistaminiatura.jpg\" width=\"160\" height=\"229\" \/><\/a><\/p>\n<div style=\"text-align: justify;\">Projeto impulsionado pelo Espa\u00e7o Socialista, a revista se mant\u00e9m como um instrumento para reativar o debate te\u00f3rico na esquerda revolucion\u00e1ria, acolhendo contribui\u00e7\u00f5es de outras organiza\u00e7\u00f5es pol\u00edticas, inclusive internacionais, e reflex\u00f5es individuais de nossos militantes, que n\u00e3o necessariamente expressam as posi\u00e7\u00f5es do conjunto da organiza\u00e7\u00e3o.<\/p>\n<p style=\"font-size: 14px;\">Esse projeto \u00e9 motivado pela percep\u00e7\u00e3o de que o debate pol\u00edtico no interior da esquerda revolucion\u00e1ria brasileira precisa ir al\u00e9m da divulga\u00e7\u00e3o espor\u00e1dica das resolu\u00e7\u00f5es fechadas das diversas organiza\u00e7\u00f5es, envolvendo de maneira mais ampla e aberta os militantes individuais, ativistas e trabalhadores interessados na luta pela emancipa\u00e7\u00e3o.<\/p>\n<p style=\"font-size: 14px;\">O esfor\u00e7o de retomar o debate te\u00f3rico e colocar em discuss\u00e3o quest\u00f5es fundamentais da estrat\u00e9gia para a transi\u00e7\u00e3o a uma sociedade livre da aliena\u00e7\u00e3o se mostra uma necessidade crucial em uma \u00e9poca como essa em que vivemos.<\/p>\n<p style=\"font-size: 14px;\">Nesse sentido a revista \u201dPrimavera Vermelha\u201d, que se sabe modesta pelo seu tamanho e alcance, busca ser ousada pelo seu conte\u00fado. Trazemos artigos que abordam quest\u00f5es fundamentais da<\/p>\n<p style=\"font-size: 14px;\">transi\u00e7\u00e3o ao socialismo, cuja derrota no s\u00e9culo XX ainda deixa a muitos imersos na desorienta\u00e7\u00e3o, da qual precisamos sair o quanto antes.<\/p>\n<p style=\"font-size: 14px;\">O texto Sobre a natureza das revolu\u00e7\u00f5es do p\u00f3s-guerra e dos Estados \u201csocialistas\u201d, resgata o m\u00e9todo marxista para restabelecer os crit\u00e9rios que permitem definir o car\u00e1ter de classe de uma determinada forma de Estado. A partir dai, mostra como \u00e9 imposs\u00edvel conceber uma revolu\u00e7\u00e3o socialista em que algum um outro sujeito social (a burocracia stalinista, mao\u00edsta, castrista, etc.) substitua a classe trabalhadora na supera\u00e7\u00e3o do capitalismo e na constru\u00e7\u00e3o da nova sociedade emancipada.<\/p>\n<p style=\"font-size: 14px;\">O texto Cuba diante de uma encruzilhada, em base ao texto anterior, visa fazer um balan\u00e7o do processo revolucion\u00e1rio cubano, discutir o papel do castrismo e tamb\u00e9m caracterizar a revolu\u00e7\u00e3o como anti-capitalista e o Estado como burocr\u00e1tico, negando-lhe qualquer car\u00e1ter oper\u00e1rio (ainda que deformado).<\/p>\n<p style=\"font-size: 14px;\">O texto \u201cSobre o centralismo democr\u00e1tico\u201d busca mostrar como, na tradi\u00e7\u00e3o do marxismo revolucion\u00e1rio, cuja materializa\u00e7\u00e3o mais bem acabada foi o partido bolchevique, o centralismo democr\u00e1tico n\u00e3o era uma medida meramente administrativa sobre maiorias e minorias. Mais do que isso, era um produto da compreens\u00e3o comum em torno dos objetivos fundamentais da luta, da confian\u00e7a que se criava entre os militantes na atua\u00e7\u00e3o e do ambiente de debate f\u00e9rtil e aberto em que se formavam os aut\u00eanticos revolucion\u00e1rios marxistas.<\/p>\n<p style=\"font-size: 14px;\">O texto \u201cA luta pela cultura e a cultura pela luta\u201d busca lembrar que o objetivo da revolu\u00e7\u00e3o n\u00e3o \u00e9 apenas a tomada do poder pol\u00edtico para a obten\u00e7\u00e3o de melhorias materiais (econ\u00f4micas), mas a emancipa\u00e7\u00e3o humana, o que exige repensar e reconstruir as rela\u00e7\u00f5es humanas em todas as suas dimens\u00f5es.<\/p>\n<p><a href=\"http:\/\/www.espacosocialista.org\/sites\/default\/files\/Revista PRIMAVERA VERMELHA N\u00ba2_0.pdf\">\u00a0<span style=\"font-size: 14px;\">Revista em PDF<\/span><\/a><\/p>\n<p style=\"font-size: 14px;\"><strong>Artigos:<\/strong><\/p>\n<ul style=\"font-size: 14px;\">\n<li style=\"font-size: 14px;\"><a href=\"http:\/\/espacosocialista.org\/sites\/default\/files\/Sobre a natureza das revolu\u00e7\u00f5es do p\u00f3s-guerra e dos Estados socialistas.pdf \">Sobre a natureza das revolu\u00e7\u00f5es do p\u00f3s-guerra<br \/>\ne dos Estados \u201csocialistas\u201d<\/a><\/li>\n<li style=\"font-size: 14px;\"><a href=\"http:\/\/espacosocialista.org\/sites\/default\/files\/Cuba diante de uma encruzilhada.pdf\">Cuba diante de uma encruzilhada<\/a><\/li>\n<li style=\"font-size: 14px;\"><a href=\"http:\/\/espacosocialista.org\/sites\/default\/files\/Recuperar o conceito de centralismo democr\u00e1tico.pdf\">Recuperar o conceito de centralismo democr\u00e1tico dos<br \/>\nbolcheviques<\/a><\/li>\n<li style=\"font-size: 14px;\"><a href=\"http:\/\/espacosocialista.org\/sites\/default\/files\/A luta pela cultura.pdf\">A luta pela cultura e a cultura pela luta<\/a><\/li>\n<\/ul>\n<table width=\"650\" border=\"1\" cellspacing=\"1\" cellpadding=\"1\">\n<caption><strong>Revistas dispon\u00edveis<\/strong><\/caption>\n<tbody>\n<tr>\n<td><a href=\"http:\/\/www.espacosocialista.org\/sites\/default\/files\/REVISTA0.pdf\">N\u00famero zero &#8211; Setembro\/2007 &#8211; Revolu\u00e7\u00e3o Russa<\/a><\/td>\n<td>PDF<\/td>\n<td>1.24 MB<\/td>\n<\/tr>\n<tr>\n<td><a href=\"http:\/\/www.espacosocialista.org\/sites\/default\/files\/REVISTA1.pdf\">N\u00famero um (1) &#8211; Outubro\/2008 &#8211; Os ideais e os desafios de 68 continuam vivos<\/a><\/td>\n<td>PDF<\/td>\n<td>1.87 MB<\/td>\n<\/tr>\n<\/tbody>\n<\/table>\n<p>&nbsp;<\/p>\n<p>&nbsp;<\/p>\n<p><a href=\"http:\/\/www.espacosocialista.org\/sites\/default\/files\/REVISTA0.pdf\"><br \/>\n<\/a><\/p>\n<\/div>\n","protected":false},"excerpt":{"rendered":"<p>&nbsp;<a href=\"http:\/\/www.espacosocialista.org\/node\/133\" style=\"font-size: 14px; background-color: rgb(255, 255, 255); text-align: justify; \">Apresenta&ccedil;&atilde;o<\/a><\/p>\n<h2>A natureza das revolu&ccedil;&otilde;es e os desafios da luta socialista<\/h2>\n<p><a href=\"http:\/\/www.espacosocialista.org\/sites\/default\/files\/Revista PRIMAVERA VERMELHA N&ordm;2_0.pdf\"><img decoding=\"async\" loading=\"lazy\" src=\"http:\/\/www.espacosocialista.org\/sites\/default\/files\/caparevistaminiatura.jpg\" width=\"160\" height=\"229\" style=\"font-size: 14px; background-color: rgb(255, 255, 255); \" alt=\"\" \/><\/a>&nbsp;<\/p>\n<div style=\"text-align: justify\">Projeto impulsionado pelo Espa&ccedil;o Socialista, a revista se mant&eacute;m como um instrumento para reativar o debate te&oacute;rico na esquerda revolucion&aacute;ria, acolhendo contribui&ccedil;&otilde;es de outras organiza&ccedil;&otilde;es pol&iacute;ticas, inclusive internacionais, e reflex&otilde;es individuais de nossos militantes, que n&atilde;o necessariamente expressam as posi&ccedil;&otilde;es do conjunto da organiza&ccedil;&atilde;o.<\/p>\n<p>&nbsp;<\/p>\n<p style=\"font-size: 14px; \">Esse projeto &eacute; motivado pela percep&ccedil;&atilde;o de que o debate pol&iacute;tico no interior da esquerda revolucion&aacute;ria brasileira precisa ir al&eacute;m da divulga&ccedil;&atilde;o espor&aacute;dica das resolu&ccedil;&otilde;es fechadas das diversas organiza&ccedil;&otilde;es, envolvendo de maneira mais ampla e aberta os militantes individuais, ativistas e trabalhadores interessados na luta pela emancipa&ccedil;&atilde;o.<\/p>\n<p style=\"font-size: 14px; \">O esfor&ccedil;o de retomar o debate te&oacute;rico e colocar em discuss&atilde;o quest&otilde;es fundamentais da estrat&eacute;gia para a transi&ccedil;&atilde;o a uma sociedade livre da aliena&ccedil;&atilde;o se mostra uma necessidade crucial em uma &eacute;poca como essa em que vivemos.<\/p>\n<p style=\"font-size: 14px; \">Nesse sentido a revista &rdquo;Primavera Vermelha&rdquo;, que se sabe modesta pelo seu tamanho e alcance, busca ser ousada pelo seu conte&uacute;do. Trazemos artigos que abordam quest&otilde;es fundamentais da<\/p>\n<p style=\"font-size: 14px; \">transi&ccedil;&atilde;o ao socialismo, cuja derrota no s&eacute;culo XX ainda deixa a muitos imersos na desorienta&ccedil;&atilde;o, da qual precisamos sair o quanto antes.<\/p>\n<p style=\"font-size: 14px; \">O texto Sobre a natureza das revolu&ccedil;&otilde;es do p&oacute;s-guerra e dos Estados &ldquo;socialistas&rdquo;, resgata o m&eacute;todo marxista para restabelecer os crit&eacute;rios que permitem definir o car&aacute;ter de classe de uma determinada forma de Estado. A partir dai, mostra como &eacute; imposs&iacute;vel conceber uma revolu&ccedil;&atilde;o socialista em que algum um outro sujeito social (a burocracia stalinista, mao&iacute;sta, castrista, etc.) substitua a classe trabalhadora na supera&ccedil;&atilde;o do capitalismo e na constru&ccedil;&atilde;o da nova sociedade emancipada.<\/p>\n<p style=\"font-size: 14px; \">O texto Cuba diante de uma encruzilhada, em base ao texto anterior, visa fazer um balan&ccedil;o do processo revolucion&aacute;rio cubano, discutir o papel do castrismo e tamb&eacute;m caracterizar a revolu&ccedil;&atilde;o como anti-capitalista e o Estado como burocr&aacute;tico, negando-lhe qualquer car&aacute;ter oper&aacute;rio (ainda que deformado).<\/p>\n<p style=\"font-size: 14px; \">O texto &ldquo;Sobre o centralismo democr&aacute;tico&rdquo; busca mostrar como, na tradi&ccedil;&atilde;o do marxismo revolucion&aacute;rio, cuja materializa&ccedil;&atilde;o mais bem acabada foi o partido bolchevique, o centralismo democr&aacute;tico n&atilde;o era uma medida meramente administrativa sobre maiorias e minorias. Mais do que isso, era um produto da compreens&atilde;o comum em torno dos objetivos fundamentais da luta, da confian&ccedil;a que se criava entre os militantes na atua&ccedil;&atilde;o e do ambiente de debate f&eacute;rtil e aberto em que se formavam os aut&ecirc;nticos revolucion&aacute;rios marxistas.<\/p>\n<p style=\"font-size: 14px; \">O texto &ldquo;A luta pela cultura e a cultura pela luta&rdquo; busca lembrar que o objetivo da revolu&ccedil;&atilde;o n&atilde;o &eacute; apenas a tomada do poder pol&iacute;tico para a obten&ccedil;&atilde;o de melhorias materiais (econ&ocirc;micas), mas a emancipa&ccedil;&atilde;o humana, o que exige repensar e reconstruir as rela&ccedil;&otilde;es humanas em todas as suas dimens&otilde;es.<\/p>\n<p><a href=\"http:\/\/www.espacosocialista.org\/sites\/default\/files\/Revista PRIMAVERA VERMELHA N&ordm;2_0.pdf\">&nbsp;<span style=\"font-size: 14px; \">Revista em PDF<\/span><\/a><\/p>\n<p style=\"font-size: 14px; \"><strong>Artigos:<\/strong><\/p>\n<ul style=\"font-size: 14px; \">\n<li style=\"font-size: 14px; \"><a href=\"http:\/\/espacosocialista.org\/sites\/default\/files\/Sobre a natureza das revolu&ccedil;&otilde;es do p&oacute;s-guerra e dos Estados socialistas.pdf \">Sobre a natureza das revolu&ccedil;&otilde;es do p&oacute;s-guerra<br \/>\n    e dos Estados &ldquo;socialistas&rdquo;<\/a><\/li>\n<li style=\"font-size: 14px; \"><a href=\"http:\/\/espacosocialista.org\/sites\/default\/files\/Cuba diante de uma encruzilhada.pdf\">Cuba diante de uma encruzilhada<\/a><\/li>\n<li style=\"font-size: 14px; \"><a href=\"http:\/\/espacosocialista.org\/sites\/default\/files\/Recuperar o conceito de centralismo democr&aacute;tico.pdf\">Recuperar o conceito de centralismo democr&aacute;tico dos<br \/>\n    bolcheviques<\/a><\/li>\n<li style=\"font-size: 14px; \"><a href=\"http:\/\/espacosocialista.org\/sites\/default\/files\/A luta pela cultura.pdf\">A luta pela cultura e a cultura pela luta<\/a><\/li>\n<\/ul>\n<table width=\"650\" height=\"89\" cellspacing=\"1\" cellpadding=\"1\" border=\"1\">\n<caption><strong>Revistas dispon&iacute;veis<\/strong><\/caption>\n<tbody>\n<tr>\n<td><a href=\"http:\/\/www.espacosocialista.org\/sites\/default\/files\/REVISTA0.pdf\">N&uacute;mero zero &#8211; Setembro\/2007 &#8211; Revolu&ccedil;&atilde;o Russa<\/a><\/td>\n<td>PDF<\/td>\n<td>1.24 MB<\/td>\n<\/tr>\n<tr>\n<td><a href=\"http:\/\/www.espacosocialista.org\/sites\/default\/files\/REVISTA1.pdf\">N&uacute;mero um (1) &#8211; Outubro\/2008 &#8211; Os ideais e os desafios de 68 continuam vivos<\/a><\/td>\n<td>PDF<\/td>\n<td>1.87 MB<\/td>\n<\/tr>\n<\/tbody>\n<\/table>\n<p>&nbsp;<\/p>\n<p>&nbsp;<\/p>\n<p><a href=\"http:\/\/www.espacosocialista.org\/sites\/default\/files\/REVISTA0.pdf\"><br \/>\n<\/a><\/p>\n<\/div>\n","protected":false},"author":3,"featured_media":989,"comment_status":"closed","ping_status":"closed","sticky":true,"template":"","format":"standard","meta":{"footnotes":""},"categories":[10],"tags":[],"_links":{"self":[{"href":"https:\/\/www.espacosocialista.org\/portal\/wp-json\/wp\/v2\/posts\/77"}],"collection":[{"href":"https:\/\/www.espacosocialista.org\/portal\/wp-json\/wp\/v2\/posts"}],"about":[{"href":"https:\/\/www.espacosocialista.org\/portal\/wp-json\/wp\/v2\/types\/post"}],"author":[{"embeddable":true,"href":"https:\/\/www.espacosocialista.org\/portal\/wp-json\/wp\/v2\/users\/3"}],"replies":[{"embeddable":true,"href":"https:\/\/www.espacosocialista.org\/portal\/wp-json\/wp\/v2\/comments?post=77"}],"version-history":[{"count":9,"href":"https:\/\/www.espacosocialista.org\/portal\/wp-json\/wp\/v2\/posts\/77\/revisions"}],"predecessor-version":[{"id":988,"href":"https:\/\/www.espacosocialista.org\/portal\/wp-json\/wp\/v2\/posts\/77\/revisions\/988"}],"wp:featuredmedia":[{"embeddable":true,"href":"https:\/\/www.espacosocialista.org\/portal\/wp-json\/wp\/v2\/media\/989"}],"wp:attachment":[{"href":"https:\/\/www.espacosocialista.org\/portal\/wp-json\/wp\/v2\/media?parent=77"}],"wp:term":[{"taxonomy":"category","embeddable":true,"href":"https:\/\/www.espacosocialista.org\/portal\/wp-json\/wp\/v2\/categories?post=77"},{"taxonomy":"post_tag","embeddable":true,"href":"https:\/\/www.espacosocialista.org\/portal\/wp-json\/wp\/v2\/tags?post=77"}],"curies":[{"name":"wp","href":"https:\/\/api.w.org\/{rel}","templated":true}]}}