{"id":81,"date":"2008-12-18T00:24:15","date_gmt":"2008-12-18T00:24:15","guid":{"rendered":"http:\/\/espacosocialista.org\/?q=node\/81"},"modified":"2018-06-01T15:33:13","modified_gmt":"2018-06-01T18:33:13","slug":"jornal-25","status":"publish","type":"post","link":"https:\/\/www.espacosocialista.org\/portal\/2008\/12\/jornal-25\/","title":{"rendered":"Jornal 25: Abril\/Junho de 2008"},"content":{"rendered":"<h1>Jornal 25: Abril\/Junho de 2008<\/h1>\n<p>&nbsp;<\/p>\n<div id=\"page-headline\">\n<h1 id=\"page-title\">Apresenta\u00e7\u00e3o<\/h1>\n<\/div>\n<div>\n<p>Nos \u00faltimos meses muito tem se falado sobre a crise econ\u00f4mica internacional que se iniciou nos Estados Unidos e sobre seus poss\u00edveis reflexos no restante do mundo, inclusive no Brasil. Por tr\u00e1s do falat\u00f3rio confuso e fragmentado da imprensa burguesa est\u00e1 a necessidade da classe dominante de esconder dos trabalhadores as conseq\u00fc\u00eancias nefastas de mais essa crise do modo de produ\u00e7\u00e3o capitalista. Nesse cen\u00e1rio, \u00e9 dever da esquerda organizada explicar aos trabalhadores a origem e os mecanismos da crise, bem como a necessidade de desenvolver uma alternativa social pr\u00f3pria da classe para se contrapor \u00e0 barb\u00e1rie do capital.<\/p>\n<p>O Espa\u00e7o Socialista acaba de realizar sua Confer\u00eancia, na qual foram elaboradas resolu\u00e7\u00f5es sobre a crise econ\u00f4mica internacional, sobre as alternativas pol\u00edticas na Am\u00e9rica Latina e sobre a situa\u00e7\u00e3o brasileira. Apresentamos nessa edi\u00e7\u00e3o de nosso jornal dois artigos que resumem nossas elabora\u00e7\u00f5es sobre a situa\u00e7\u00e3o internacional e brasileira. A \u00edntegra dessas resolu\u00e7\u00f5es pode ser encontrada em nossa p\u00e1gina na internet: <a href=\"http:\/\/www.espacosocialista.org\/\">www.espacosocialista.org<\/a><\/p>\n<p><a href=\"http:\/\/espacosocialista.org\/portal\/wp-content\/uploads\/2008\/12\/jornal25.pdf\">Clique aqui para baixar o jornal em PDF<\/a><\/p>\n<p><a href=\"http:\/\/espacosocialista.org\/portal\/wp-content\/uploads\/2008\/12\/rebeldia25.pdf\">Clique aqui para baixar o encarte da juventude Rebeldia Socialista n. 05<\/a><\/p>\n<p>Mat\u00e9rias nesta edi\u00e7\u00e3o:<\/p>\n<div id=\"book-navigation-81\">\n<ul>\n<li>&#8220;Diante da crise econ\u00f4mica, apresentar uma sa\u00edda socialista&#8221;<\/li>\n<li>&#8220;Unir as lutas para enfrentar lula e os planos do imperialismo&#8221;<\/li>\n<li>&#8220;Leia tamb\u00e9m o encarte da juventude Rebeldia Socialista.&#8221;<\/li>\n<\/ul>\n<\/div>\n<\/div>\n","protected":false},"excerpt":{"rendered":"<h1>&nbsp;Jornal 25 &#8211; abril\/junho de 2008<\/h1>\n<p>&nbsp;<\/p>\n","protected":false},"author":3,"featured_media":0,"comment_status":"closed","ping_status":"closed","sticky":false,"template":"","format":"standard","meta":{"footnotes":""},"categories":[6],"tags":[99],"_links":{"self":[{"href":"https:\/\/www.espacosocialista.org\/portal\/wp-json\/wp\/v2\/posts\/81"}],"collection":[{"href":"https:\/\/www.espacosocialista.org\/portal\/wp-json\/wp\/v2\/posts"}],"about":[{"href":"https:\/\/www.espacosocialista.org\/portal\/wp-json\/wp\/v2\/types\/post"}],"author":[{"embeddable":true,"href":"https:\/\/www.espacosocialista.org\/portal\/wp-json\/wp\/v2\/users\/3"}],"replies":[{"embeddable":true,"href":"https:\/\/www.espacosocialista.org\/portal\/wp-json\/wp\/v2\/comments?post=81"}],"version-history":[{"count":10,"href":"https:\/\/www.espacosocialista.org\/portal\/wp-json\/wp\/v2\/posts\/81\/revisions"}],"predecessor-version":[{"id":6426,"href":"https:\/\/www.espacosocialista.org\/portal\/wp-json\/wp\/v2\/posts\/81\/revisions\/6426"}],"wp:attachment":[{"href":"https:\/\/www.espacosocialista.org\/portal\/wp-json\/wp\/v2\/media?parent=81"}],"wp:term":[{"taxonomy":"category","embeddable":true,"href":"https:\/\/www.espacosocialista.org\/portal\/wp-json\/wp\/v2\/categories?post=81"},{"taxonomy":"post_tag","embeddable":true,"href":"https:\/\/www.espacosocialista.org\/portal\/wp-json\/wp\/v2\/tags?post=81"}],"curies":[{"name":"wp","href":"https:\/\/api.w.org\/{rel}","templated":true}]}}